{"id":24509,"date":"2025-03-07T13:48:25","date_gmt":"2025-03-07T10:48:25","guid":{"rendered":"https:\/\/www.egemtv.com\/?p=24509"},"modified":"2025-03-07T13:48:29","modified_gmt":"2025-03-07T10:48:29","slug":"aydinda-agir-sanayide-kadinin-agirligina-dikkat-cekildi","status":"publish","type":"post","link":"https:\/\/www.egemtv.com\/?p=24509","title":{"rendered":"Ayd\u0131n\u2019da a\u011f\u0131r sanayide kad\u0131n\u0131n a\u011f\u0131rl\u0131\u011f\u0131na dikkat \u00e7ekildi"},"content":{"rendered":"<p>Ayd\u0131n\u2019da AYSO taraf\u0131ndan d\u00fczenlenen foto\u011fraf sergisinde kad\u0131nlar\u0131n a\u011f\u0131r sanayi sekt\u00f6r\u00fcndeki \u00f6nemine dikkat \u00e7ekildi.<\/p>\n<p>Ayd\u0131n Sanayi Odas\u0131 (AYSO) koordinat\u00f6rl\u00fc\u011f\u00fcnde a\u011f\u0131r sanayide \u00e7al\u0131\u015fan kad\u0131nlar\u0131 anlatan foto\u011frafa sergisi, d\u00fczenlenen t\u00f6renle ziyaret\u00e7ilerine kap\u0131s\u0131n\u0131 a\u00e7t\u0131. Yo\u011fun bir kat\u0131l\u0131mla ger\u00e7ekle\u015ftirilen sergide, Ayd\u0131n sanayisindeki 21 i\u015fletmenin katk\u0131 sa\u011flad\u0131\u011f\u0131 53 foto\u011fraf yer ald\u0131. \u2019A\u011f\u0131r Sanayide Kad\u0131n A\u011f\u0131rl\u0131\u011f\u0131\u2019 isimli foto\u011fraf sergisinin a\u00e7\u0131l\u0131\u015f konu\u015fmas\u0131n\u0131 ger\u00e7ekle\u015ftiren Ayd\u0131n Sanayi Odas\u0131 Y\u00f6netim Kurulu Ba\u015fkan\u0131 G\u00f6khan Mara\u015f, &#8221; Bug\u00fcn kad\u0131nlar\u0131m\u0131z\u0131n sanayi sekt\u00f6r\u00fcnde emeklerine \u0131\u015f\u0131k tutan \u00f6zel bir sergiye tan\u0131kl\u0131k ediyoruz. Sergimizde kad\u0131n eme\u011fini daha g\u00f6r\u00fcn\u00fcr k\u0131lman\u0131n yan\u0131 s\u0131ra kad\u0131n istihdam\u0131n\u0131n te\u015fvik edilmesine ve toplumsal fark\u0131ndal\u0131k olu\u015fturulmas\u0131na katk\u0131 sa\u011flamay\u0131 hedefledik. A\u011f\u0131r sanayide kad\u0131n a\u011f\u0131rl\u0131\u011f\u0131 foto\u011fraf sergimizde sanayi sekt\u00f6r\u00fcnde kad\u0131n i\u015fg\u00fcc\u00fcn\u00fcn hayat\u0131 g\u00f6zler \u00f6n\u00fcne serilirken, e\u015fit f\u0131rsatlar olu\u015fturulmas\u0131n\u0131 da vurgulad\u0131k. \u0130limizde sanayi sekt\u00f6r\u00fcnde \u00e7al\u0131\u015fan kad\u0131n say\u0131s\u0131n\u0131n her ge\u00e7en g\u00fcn artt\u0131\u011f\u0131n\u0131 g\u00f6rmek bizler i\u00e7in gurur kayna\u011f\u0131 olurken, bu art\u0131\u015f sadece sanayimizin niceliksel de\u011fil ayn\u0131 zamanda keyfiyete \u00e2it geli\u015fiminde de \u00f6nemli bir katk\u0131 sa\u011flamaktad\u0131r. Kad\u0131nlar\u0131m\u0131z, sanayi sekt\u00f6r\u00fcnde sadece istihdam olarak bir g\u00fc\u00e7 de\u011fil, ayn\u0131 zamanda yenilik\u00e7i fikirleri, liderlik vas\u0131flar\u0131yla sekt\u00f6r\u00fc \u015fekillendiren \u00f6nemli akt\u00f6rlerdir. Sergimizin ger\u00e7ekle\u015fmesinde katk\u0131 sa\u011flayan ve eme\u011fi ge\u00e7en herkese te\u015fekk\u00fcr ediyorum. Kad\u0131nlar\u0131n sanayideki yerini ve g\u00fcc\u00fcn\u00fc simgeleyen bu foto\u011fraflar, yaln\u0131zca onlar\u0131n i\u015fg\u00fcc\u00fcndeki katk\u0131lar\u0131n\u0131 hat\u0131rlatmakla kalmay\u0131p, ayn\u0131 zamanda toplum olarak daha ne kadar yol almam\u0131z gerekti\u011fini de g\u00f6zler \u00f6n\u00fcne sermektedir. Sanayideki kad\u0131n \u00e7al\u0131\u015fanlar\u0131m\u0131z ba\u015fta olmak \u00fczere t\u00fcm kad\u0131nlar\u0131m\u0131z\u0131n g\u00fcn\u00fcn\u00fc kutluyorum&#8221; dedi.<\/p>\n<p>Kad\u0131nlar\u0131n, toplumun en \u00f6nemli mihenk ta\u015f\u0131 oldu\u011funu vurgulayan Efeler Belediye Ba\u015fkan\u0131 An\u0131l Yeti\u015fkin ise, &#8220;\u00c7ok \u00f6nemli bir serginin a\u00e7\u0131l\u0131\u015f\u0131nday\u0131z asl\u0131nda. \u2018D\u00fcnyada ne varsa kad\u0131n\u0131n eme\u011fi vard\u0131r\u2019 diyen Atat\u00fcrk\u2019\u00fcn \u0131\u015f\u0131\u011f\u0131nday\u0131z. Biz bu d\u00fc\u015f\u00fcncemizle kad\u0131n\u0131 her zaman her yerde g\u00f6rmek istiyoruz. Biz birlikte \u00e7ok daha g\u00fc\u00e7l\u00fc bir toplum olaca\u011f\u0131z. Toplum olmak zorunday\u0131z zaten ama ben \u015funun da alt\u0131n\u0131 \u00e7izmek istiyorum. 8 Mart g\u00fcn\u00fcn\u00fc bir kutlama g\u00fcn\u00fc olarak de\u011fil bir fark\u0131ndal\u0131k g\u00fcn\u00fc olarak g\u00f6rmeliyiz. Kad\u0131n\u0131 \u00f6ne ald\u0131\u011f\u0131m\u0131z, omuz omuza beraber fark\u0131ndal\u0131k olu\u015fturdu\u011fumuz bir g\u00fcn olmak zorunda. Bu sebeple bu sergide eme\u011fi ge\u00e7en t\u00fcm arkada\u015flar\u0131m\u0131za \u00e7ok te\u015fekk\u00fcr ediyorum. \u00c7ok anlaml\u0131 buluyorum. Zira, a\u011f\u0131r sanayinin her k\u00f6\u015fesinde kad\u0131nlar\u0131n eme\u011finin olmas\u0131 gerekti\u011fine inan\u0131yorum. Kad\u0131n\u0131n elinin de\u011fdi\u011fi her yer g\u00fczelle\u015fiyor. Kad\u0131nlar, toplumumuzun en \u00f6nemli mihenk ta\u015f\u0131d\u0131r. Bu nedenle t\u00fcm kad\u0131nlar\u0131m\u0131za bug\u00fcn ve ya\u015fad\u0131\u011f\u0131m\u0131z her g\u00fcn sebebiyle te\u015fekk\u00fcr ediyorum&#8221; \u015feklinde konu\u015ftu.<\/p>\n<p>A\u00e7\u0131l\u0131\u015f konu\u015fmalar\u0131n\u0131n ard\u0131ndan kad\u0131nlar taraf\u0131ndan serginin kurdelesi kesilirken, ziyaret\u00e7iler foto\u011fraflar\u0131 inceledi.<br \/><\/p>\n","protected":false},"excerpt":{"rendered":"<p>Ayd\u0131n\u2019da AYSO taraf\u0131ndan d\u00fczenlenen foto\u011fraf sergisinde kad\u0131nlar\u0131n a\u011f\u0131r sanayi sekt\u00f6r\u00fcndeki \u00f6nemine dikkat \u00e7ekildi. Ayd\u0131n Sanayi Odas\u0131 (AYSO) koordinat\u00f6rl\u00fc\u011f\u00fcnde a\u011f\u0131r sanayide \u00e7al\u0131\u015fan kad\u0131nlar\u0131 anlatan foto\u011frafa sergisi, d\u00fczenlenen t\u00f6renle ziyaret\u00e7ilerine kap\u0131s\u0131n\u0131 a\u00e7t\u0131. Yo\u011fun bir kat\u0131l\u0131mla ger\u00e7ekle\u015ftirilen sergide, Ayd\u0131n sanayisindeki 21 i\u015fletmenin katk\u0131 sa\u011flad\u0131\u011f\u0131 53 foto\u011fraf yer ald\u0131. \u2019A\u011f\u0131r Sanayide Kad\u0131n A\u011f\u0131rl\u0131\u011f\u0131\u2019 isimli foto\u011fraf sergisinin a\u00e7\u0131l\u0131\u015f konu\u015fmas\u0131n\u0131 ger\u00e7ekle\u015ftiren&#8230;<\/p>\n","protected":false},"author":1,"featured_media":24510,"comment_status":"open","ping_status":"open","sticky":false,"template":"","format":"standard","meta":{"_crdt_document":"","footnotes":""},"categories":[1],"tags":[],"class_list":["post-24509","post","type-post","status-publish","format-standard","has-post-thumbnail","hentry","category-guncel"],"_links":{"self":[{"href":"https:\/\/www.egemtv.com\/index.php?rest_route=\/wp\/v2\/posts\/24509","targetHints":{"allow":["GET"]}}],"collection":[{"href":"https:\/\/www.egemtv.com\/index.php?rest_route=\/wp\/v2\/posts"}],"about":[{"href":"https:\/\/www.egemtv.com\/index.php?rest_route=\/wp\/v2\/types\/post"}],"author":[{"embeddable":true,"href":"https:\/\/www.egemtv.com\/index.php?rest_route=\/wp\/v2\/users\/1"}],"replies":[{"embeddable":true,"href":"https:\/\/www.egemtv.com\/index.php?rest_route=%2Fwp%2Fv2%2Fcomments&post=24509"}],"version-history":[{"count":1,"href":"https:\/\/www.egemtv.com\/index.php?rest_route=\/wp\/v2\/posts\/24509\/revisions"}],"predecessor-version":[{"id":24511,"href":"https:\/\/www.egemtv.com\/index.php?rest_route=\/wp\/v2\/posts\/24509\/revisions\/24511"}],"wp:featuredmedia":[{"embeddable":true,"href":"https:\/\/www.egemtv.com\/index.php?rest_route=\/wp\/v2\/media\/24510"}],"wp:attachment":[{"href":"https:\/\/www.egemtv.com\/index.php?rest_route=%2Fwp%2Fv2%2Fmedia&parent=24509"}],"wp:term":[{"taxonomy":"category","embeddable":true,"href":"https:\/\/www.egemtv.com\/index.php?rest_route=%2Fwp%2Fv2%2Fcategories&post=24509"},{"taxonomy":"post_tag","embeddable":true,"href":"https:\/\/www.egemtv.com\/index.php?rest_route=%2Fwp%2Fv2%2Ftags&post=24509"}],"curies":[{"name":"wp","href":"https:\/\/api.w.org\/{rel}","templated":true}]}}