{"id":24506,"date":"2025-03-07T13:48:21","date_gmt":"2025-03-07T10:48:21","guid":{"rendered":"https:\/\/www.egemtv.com\/?p=24506"},"modified":"2025-03-07T13:48:25","modified_gmt":"2025-03-07T10:48:25","slug":"baskan-mandalinciden-8-mart-dunya-kadinlar-gunu-mesaji","status":"publish","type":"post","link":"https:\/\/www.egemtv.com\/?p=24506","title":{"rendered":"Ba\u015fkan Mandalinci\u2019den 8 Mart D\u00fcnya Kad\u0131nlar G\u00fcn\u00fc mesaj\u0131"},"content":{"rendered":"<p>Bodrum Belediye Ba\u015fkan\u0131 Tamer Mandalinci, 8 Mart D\u00fcnya Kad\u0131nlar G\u00fcn\u00fc dolay\u0131s\u0131yla bir mesaj yay\u0131mlad\u0131.<\/p>\n<p>Ba\u015fkan Mandalinci, kad\u0131n m\u00fccadelesinin yaln\u0131zca kad\u0131nlar\u0131n de\u011fil, e\u015fit ve adil bir d\u00fcnya isteyen herkesin sorumlulu\u011fu oldu\u011funu vurgularken \u015funlar\u0131 s\u00f6yledi:<br \/>\n<br \/>&#8220;Y\u00fczy\u0131llard\u0131r s\u00fcren kad\u0131n m\u00fccadelesinin, e\u015fitlik ve \u00f6zg\u00fcrl\u00fck taleplerinin, eme\u011fin ve direni\u015fin g\u00fcn\u00fc. Kad\u0131nlar\u0131n hayat\u0131n her alan\u0131nda var olma hakk\u0131n\u0131 savundu\u011fu, haklar\u0131n\u0131 gasp eden sistemlere kar\u015f\u0131 durdu\u011fu bu anlaml\u0131 g\u00fcnde, t\u00fcm kad\u0131nlar\u0131 dayan\u0131\u015fmayla selaml\u0131yorum. Kad\u0131nlar, tarih boyunca toplumu in\u015fa eden, de\u011fi\u015ftiren ve d\u00f6n\u00fc\u015ft\u00fcren g\u00fc\u00e7 oldular. Evde, tarlada, fabrikada, sokakta, sanatta, bilimde, siyasette. Ancak ne yaz\u0131k ki bug\u00fcn h\u00e2l\u00e2 kad\u0131nlar, erkek egemen sistemin olu\u015fturdu\u011fu e\u015fitsizliklerle, \u015fiddetle, ekonomik s\u00f6m\u00fcr\u00fcyle, g\u00f6r\u00fcnmez k\u0131l\u0131nmakla m\u00fccadele etmek zorunda b\u0131rak\u0131l\u0131yor. Bu m\u00fccadele, yaln\u0131zca kad\u0131nlar\u0131n de\u011fil, e\u015fit ve adil bir d\u00fcnya isteyen herkesin sorumlulu\u011fundad\u0131r. Biz, Bodrum Belediyesi olarak kad\u0131nlar\u0131n \u00f6zg\u00fcrle\u015fmesi, e\u015fit haklara eri\u015fmesi ve ya\u015fam\u0131n her alan\u0131nda hak etti\u011fi yeri almas\u0131 i\u00e7in \u00e7al\u0131\u015f\u0131yoruz. Kad\u0131n eme\u011finin g\u00f6r\u00fcn\u00fcr olmas\u0131, kad\u0131nlar\u0131n ekonomik hayatta g\u00fc\u00e7lenmesi i\u00e7in kad\u0131n giri\u015fimcileri destekliyor, toplumsal fark\u0131ndal\u0131k projeleri geli\u015ftiriyoruz. Kad\u0131na y\u00f6nelik \u015fiddetin son bulmas\u0131 i\u00e7in dayan\u0131\u015fma a\u011flar\u0131n\u0131 g\u00fc\u00e7lendiriyor, kad\u0131nlar\u0131n ya\u015fam haklar\u0131n\u0131 savunuyoruz. \u00c7\u00fcnk\u00fc biliyoruz ki kad\u0131n \u00f6zg\u00fcrle\u015fmeden, toplum \u00f6zg\u00fcrle\u015femez. Bir kutlamadan \u00e7ok, bir m\u00fccadeleyi b\u00fcy\u00fctmek i\u00e7in bir arada olmam\u0131z\u0131n \u00f6nemini unutmamal\u0131y\u0131z. Eme\u011fiyle, s\u00f6z\u00fcyle, direnciyle d\u00fcnyay\u0131 de\u011fi\u015ftiren t\u00fcm kad\u0131nlar\u0131 sayg\u0131yla an\u0131yor, kad\u0131n haklar\u0131 m\u00fccadelesini s\u00fcrd\u00fcren herkesi y\u00fcrekten selaml\u0131yorum.&#8221;<br \/><\/p>\n","protected":false},"excerpt":{"rendered":"<p>Bodrum Belediye Ba\u015fkan\u0131 Tamer Mandalinci, 8 Mart D\u00fcnya Kad\u0131nlar G\u00fcn\u00fc dolay\u0131s\u0131yla bir mesaj yay\u0131mlad\u0131. Ba\u015fkan Mandalinci, kad\u0131n m\u00fccadelesinin yaln\u0131zca kad\u0131nlar\u0131n de\u011fil, e\u015fit ve adil bir d\u00fcnya isteyen herkesin sorumlulu\u011fu oldu\u011funu vurgularken \u015funlar\u0131 s\u00f6yledi: &#8220;Y\u00fczy\u0131llard\u0131r s\u00fcren kad\u0131n m\u00fccadelesinin, e\u015fitlik ve \u00f6zg\u00fcrl\u00fck taleplerinin, eme\u011fin ve direni\u015fin g\u00fcn\u00fc. Kad\u0131nlar\u0131n hayat\u0131n her alan\u0131nda var olma hakk\u0131n\u0131 savundu\u011fu, haklar\u0131n\u0131 gasp&#8230;<\/p>\n","protected":false},"author":1,"featured_media":24507,"comment_status":"open","ping_status":"open","sticky":false,"template":"","format":"standard","meta":{"_crdt_document":"","footnotes":""},"categories":[123],"tags":[],"class_list":["post-24506","post","type-post","status-publish","format-standard","has-post-thumbnail","hentry","category-gundem"],"_links":{"self":[{"href":"https:\/\/www.egemtv.com\/index.php?rest_route=\/wp\/v2\/posts\/24506","targetHints":{"allow":["GET"]}}],"collection":[{"href":"https:\/\/www.egemtv.com\/index.php?rest_route=\/wp\/v2\/posts"}],"about":[{"href":"https:\/\/www.egemtv.com\/index.php?rest_route=\/wp\/v2\/types\/post"}],"author":[{"embeddable":true,"href":"https:\/\/www.egemtv.com\/index.php?rest_route=\/wp\/v2\/users\/1"}],"replies":[{"embeddable":true,"href":"https:\/\/www.egemtv.com\/index.php?rest_route=%2Fwp%2Fv2%2Fcomments&post=24506"}],"version-history":[{"count":1,"href":"https:\/\/www.egemtv.com\/index.php?rest_route=\/wp\/v2\/posts\/24506\/revisions"}],"predecessor-version":[{"id":24508,"href":"https:\/\/www.egemtv.com\/index.php?rest_route=\/wp\/v2\/posts\/24506\/revisions\/24508"}],"wp:featuredmedia":[{"embeddable":true,"href":"https:\/\/www.egemtv.com\/index.php?rest_route=\/wp\/v2\/media\/24507"}],"wp:attachment":[{"href":"https:\/\/www.egemtv.com\/index.php?rest_route=%2Fwp%2Fv2%2Fmedia&parent=24506"}],"wp:term":[{"taxonomy":"category","embeddable":true,"href":"https:\/\/www.egemtv.com\/index.php?rest_route=%2Fwp%2Fv2%2Fcategories&post=24506"},{"taxonomy":"post_tag","embeddable":true,"href":"https:\/\/www.egemtv.com\/index.php?rest_route=%2Fwp%2Fv2%2Ftags&post=24506"}],"curies":[{"name":"wp","href":"https:\/\/api.w.org\/{rel}","templated":true}]}}