{"id":24503,"date":"2025-03-07T13:48:17","date_gmt":"2025-03-07T10:48:17","guid":{"rendered":"https:\/\/www.egemtv.com\/?p=24503"},"modified":"2025-03-07T13:48:21","modified_gmt":"2025-03-07T10:48:21","slug":"bodrum-belediyesi-mart-ayi-olagan-meclis-toplantisi-yapildi","status":"publish","type":"post","link":"https:\/\/www.egemtv.com\/?p=24503","title":{"rendered":"Bodrum Belediyesi Mart Ay\u0131 ola\u011fan meclis toplant\u0131s\u0131 yap\u0131ld\u0131"},"content":{"rendered":"<p>Bodrum Belediyesinin 2025 y\u0131l\u0131 Mart Ay\u0131 Ola\u011fan Meclis Toplant\u0131s\u0131 Bodrum Belediyesi Herodot K\u00fclt\u00fcr ve Sanat Merkezi\u2019nde ger\u00e7ekle\u015ftirildi.<\/p>\n<p>6 Mart 2025 Per\u015fembe g\u00fcn\u00fc saat 14.00\u2019te Konac\u0131k Mahallesinde bulunan Bodrum Belediyesi Herodot K\u00fclt\u00fcr ve Sanat Merkezinde yap\u0131lan Meclis Toplant\u0131s\u0131nda Bodrum Belediye Ba\u015fkan\u0131 Tamer Mandalinci, g\u00fcndem maddelerine ge\u00e7ilmeden \u00f6nce s\u0131f\u0131r at\u0131k, enerji verimlili\u011fi, personel al\u0131mlar\u0131 gibi \u00e7e\u015fitli konularda bilgiler verdi. Meclis toplant\u0131s\u0131na; meclis \u00fcyeleri, il\u00e7e siyasi parti temsilcileri, birim m\u00fcd\u00fcrleri, bas\u0131n mensuplar\u0131 ve vatanda\u015flar kat\u0131ld\u0131.<\/p>\n<p>Belediyeden enerji verimlili\u011fi \u00e7al\u0131\u015fmalar\u0131<br \/>\n<br \/>Bodrum Belediye Ba\u015fkan\u0131 Tamer Mandalinci, Bodrum Belediyesinin enerji verimlili\u011fi konusunda y\u00fcr\u00fctt\u00fc\u011f\u00fc \u00e7al\u0131\u015fmalara da de\u011finerek \u015funlar\u0131 s\u00f6yledi:<br \/>\n<br \/>&#8220;28 \u015eubat Cuma g\u00fcn\u00fc T\u00fcrkan Saylan \u00c7a\u011fda\u015f Ya\u015fam Merkezinde Mu\u011fla B\u00fcy\u00fck\u015fehir Belediye Ba\u015fkan\u0131m\u0131z Ahmet Aras \u00f6nderli\u011finde ger\u00e7ekle\u015fen T\u00fcrkiye Sa\u011fl\u0131kl\u0131 Kentler Birli\u011fi Ba\u015fkan\u0131 \u0130zmir B\u00fcy\u00fck\u015fehir Belediye Ba\u015fkan\u0131 Cemil Tugay\u2019\u0131n da kat\u0131ld\u0131\u011f\u0131 Enerji Verimlili\u011fi \u00c7al\u0131\u015ftay\u0131na kat\u0131ld\u0131k. Burada yerel y\u00f6netimler olarak enerji tasarrufu, s\u00fcrd\u00fcr\u00fclebilir ula\u015f\u0131m gibi \u00e7ok de\u011ferli sunumlar dinledik. Belediye olarak vizyonumuz b\u00fct\u00fcn pazar yerlerimizin \u00fczerine g\u00fcne\u015f panelleri koyarak enerji elde etmek. Bu elde etti\u011fimiz enerjiyle beraber enerji maliyetimizde mahsupla\u015fmak ya da daha fazla enerji \u00fcretirsek buradan bir gelir elde etmekti. Bu \u00e7al\u0131\u015fmalar kapsam\u0131nda Bodrum Belediyesi \u0130klim De\u011fi\u015fikli\u011fi ve S\u0131f\u0131r At\u0131k M\u00fcd\u00fcrl\u00fc\u011f\u00fc k\u0131ymetli bir \u00e7al\u0131\u015fma yapt\u0131 ve AYDEM ile yapt\u0131\u011f\u0131 anla\u015fma ve \u00e7al\u0131\u015fmalar neticesinde Bitez Pazar Yeri \u00fczerine \u00e7a\u011fr\u0131 mektubu ald\u0131k. Anla\u015fmalar\u0131m\u0131z\u0131 yapt\u0131k. Buradan kamuoyuna duyurmak isterim ki Bitez Pazar Yerimizin \u00fczerine 104,5 kW\u2019l\u0131k yakla\u015f\u0131k de\u011feri 2,7 milyon lira olan g\u00fcne\u015f panellerimizi 1 ay i\u00e7inde kurmu\u015f olaca\u011f\u0131z. Bu g\u00fcne\u015f panellerimiz, Bodrum Belediyesinin merkez binas\u0131n\u0131n t\u00fcketmi\u015f oldu\u011fu elektri\u011fi tamamen do\u011fadan, g\u00fcne\u015ften bizlere sa\u011fl\u0131yor olacak. Temiz, yenilenebilir enerjide belediyenin bu ad\u0131m\u0131 \u00e7ok k\u0131ymetli. B\u00f6lgemizde \u00fcst\u00fc kapal\u0131 nice pazar yerlerimiz var. B\u00fct\u00fcn pazar yerlerimiz bu be\u015f y\u0131l i\u00e7inde g\u00fcne\u015ften enerjisini kendi elde edecek \u015fekilde ve t\u00fcketmi\u015f oldu\u011fu enerjiden daha fazlas\u0131n\u0131 \u00fcretmi\u015f olarak hizmet vermeye devam edecek. Sadece pazar yerleriyle kalmayacak b\u00fcy\u00fck hacimli k\u00fclt\u00fcr merkezlerimizin \u00e7at\u0131lar\u0131na da bu g\u00fcne\u015f panellerini monte ederek b\u00f6lgemizin g\u00fcne\u015ften ald\u0131\u011f\u0131 enerjiyi d\u00f6n\u00fc\u015f\u00fcme sokarak enerjiden kazan\u00e7 sa\u011flamak i\u00e7in ad\u0131mlar\u0131m\u0131z\u0131 ataca\u011f\u0131z.&#8221;<\/p>\n<p>140 teni personel al\u0131m\u0131<br \/>\n<br \/>Bodrum Belediyesi olarak yak\u0131n tarihte 140 yeni personel al\u0131m\u0131 yapacaklar\u0131n\u0131 ileten Ba\u015fkan Mandalinci tamam\u0131n\u0131n aktif saha personeli olaca\u011f\u0131 bilgisini de payla\u015farak, &#8220;80 temizlik personeli, 30 park bah\u00e7eler, 20 fen i\u015fleri emrine alaca\u011f\u0131z. Ayr\u0131ca 2 veteriner ve 2 temizlik personeli olacak. B\u00fcnyemize 6 ayl\u0131k saha personeli eklenecek. Verimini, i\u015f ahlak\u0131n\u0131, i\u015f eti\u011fini be\u011fendi\u011fimiz, belediye hizmetlerine ba\u011fl\u0131l\u0131\u011f\u0131n\u0131 g\u00f6rd\u00fc\u011f\u00fcm\u00fcz \u00e7al\u0131\u015fanlar\u0131m\u0131zla kal\u0131c\u0131 bir s\u00f6zle\u015fme imzalayaca\u011f\u0131z. 110\u2019un \u00fczerinde personel emekli oldu. Emekli olan personelin yerini de b\u00f6l\u00fcm b\u00f6l\u00fcm dolduraca\u011f\u0131z&#8221; dedi.<\/p>\n<p>\u0130smet Aydemir\u2019in ad\u0131 parkta ya\u015fat\u0131lacak<br \/>\n<br \/>Bodrum\u2019da e\u011fitim alan\u0131nda y\u0131llarca emek vermi\u015f olan \u0130smet Aydemir\u2019in an\u0131s\u0131na Bodrum\u2019un \u00c7\u0131rkan Mahallesi\u2019nde bulunan park alan\u0131na isminin verilmesi teklifine ili\u015fkin al\u0131nan 19.02.2025 tarih, 2025\/10 say\u0131l\u0131 komisyon raporu g\u00f6r\u00fc\u015f\u00fcl\u00fcrken Ba\u015fkan Mandalinci konu ile ilgili \u015funlara de\u011findi:<br \/>\n<br \/>&#8220;\u0130smet Hocam\u0131z, b\u00fct\u00fcn Bodrum e\u011fitim camias\u0131n\u0131n \u00f6nde gelen e\u011fitimcilerinden biriydi. Yeti\u015ftirmi\u015f oldu\u011fu binlerce \u00f6\u011frenci, Bodrum\u2019un k\u00fclt\u00fcrel, sanatsal, spor alanlar\u0131nda nice ba\u015far\u0131l\u0131 \u00e7al\u0131\u015fmalara imza att\u0131lar. Bug\u00fcn, y\u0131llarca beraber \u00e7al\u0131\u015ft\u0131\u011f\u0131 Bodrum Anadolu Lisesinin k\u0131ymetli m\u00fcd\u00fcrlerinden Say\u0131n Hatice Orman hocam\u0131z da aram\u0131zda. Bu g\u00fczel g\u00fcnde o da bizi yaln\u0131z b\u0131rakmad\u0131. Kendisine \u00e7ok te\u015fekk\u00fcr ediyoruz. \u0130smet Hocam\u0131z\u0131n ismini Bodrum\u2019da bir parkta, bir caddede, bir sokakta ya\u015fatma \u00f6nerisi veren k\u0131ymetli Ahmet De\u011firmenci\u2019ye de \u00e7ok te\u015fekk\u00fcr ediyorum. \u00c7\u00fcnk\u00fc hocam\u0131z Bodrum\u2019a unutulmaz izler b\u0131rakm\u0131\u015ft\u0131r, bir\u00e7ok nesil yeti\u015ftirmi\u015ftir. Bir\u00e7ok gencimizin k\u00f6t\u00fc al\u0131\u015fkanl\u0131klar yerine spora, bilime, k\u00fclt\u00fcre, sanata adanmas\u0131n\u0131 sa\u011flam\u0131\u015ft\u0131r. Mekan\u0131 cennet olsun. Onun izinden giden \u00f6\u011frencilerle beraber Bodrum\u2019un daha da g\u00fczel daha da iyi olaca\u011f\u0131n\u0131 d\u00fc\u015f\u00fcn\u00fcyoruz.&#8221;<\/p>\n<p>Ba\u015fkan Tamer Mandalinci, \u015fubat ay\u0131nda Bodrum Belediyesi olarak yapm\u0131\u015f oldu\u011fu \u00e7al\u0131\u015fmalar hakk\u0131nda detayl\u0131 bilgiler de verdi.<br \/><\/p>\n","protected":false},"excerpt":{"rendered":"<p>Bodrum Belediyesinin 2025 y\u0131l\u0131 Mart Ay\u0131 Ola\u011fan Meclis Toplant\u0131s\u0131 Bodrum Belediyesi Herodot K\u00fclt\u00fcr ve Sanat Merkezi\u2019nde ger\u00e7ekle\u015ftirildi. 6 Mart 2025 Per\u015fembe g\u00fcn\u00fc saat 14.00\u2019te Konac\u0131k Mahallesinde bulunan Bodrum Belediyesi Herodot K\u00fclt\u00fcr ve Sanat Merkezinde yap\u0131lan Meclis Toplant\u0131s\u0131nda Bodrum Belediye Ba\u015fkan\u0131 Tamer Mandalinci, g\u00fcndem maddelerine ge\u00e7ilmeden \u00f6nce s\u0131f\u0131r at\u0131k, enerji verimlili\u011fi, personel al\u0131mlar\u0131 gibi \u00e7e\u015fitli konularda&#8230;<\/p>\n","protected":false},"author":1,"featured_media":24504,"comment_status":"open","ping_status":"open","sticky":false,"template":"","format":"standard","meta":{"_crdt_document":"","footnotes":""},"categories":[127],"tags":[],"class_list":["post-24503","post","type-post","status-publish","format-standard","has-post-thumbnail","hentry","category-siyaset"],"_links":{"self":[{"href":"https:\/\/www.egemtv.com\/index.php?rest_route=\/wp\/v2\/posts\/24503","targetHints":{"allow":["GET"]}}],"collection":[{"href":"https:\/\/www.egemtv.com\/index.php?rest_route=\/wp\/v2\/posts"}],"about":[{"href":"https:\/\/www.egemtv.com\/index.php?rest_route=\/wp\/v2\/types\/post"}],"author":[{"embeddable":true,"href":"https:\/\/www.egemtv.com\/index.php?rest_route=\/wp\/v2\/users\/1"}],"replies":[{"embeddable":true,"href":"https:\/\/www.egemtv.com\/index.php?rest_route=%2Fwp%2Fv2%2Fcomments&post=24503"}],"version-history":[{"count":1,"href":"https:\/\/www.egemtv.com\/index.php?rest_route=\/wp\/v2\/posts\/24503\/revisions"}],"predecessor-version":[{"id":24505,"href":"https:\/\/www.egemtv.com\/index.php?rest_route=\/wp\/v2\/posts\/24503\/revisions\/24505"}],"wp:featuredmedia":[{"embeddable":true,"href":"https:\/\/www.egemtv.com\/index.php?rest_route=\/wp\/v2\/media\/24504"}],"wp:attachment":[{"href":"https:\/\/www.egemtv.com\/index.php?rest_route=%2Fwp%2Fv2%2Fmedia&parent=24503"}],"wp:term":[{"taxonomy":"category","embeddable":true,"href":"https:\/\/www.egemtv.com\/index.php?rest_route=%2Fwp%2Fv2%2Fcategories&post=24503"},{"taxonomy":"post_tag","embeddable":true,"href":"https:\/\/www.egemtv.com\/index.php?rest_route=%2Fwp%2Fv2%2Ftags&post=24503"}],"curies":[{"name":"wp","href":"https:\/\/api.w.org\/{rel}","templated":true}]}}