{"id":24500,"date":"2025-03-07T13:48:12","date_gmt":"2025-03-07T10:48:12","guid":{"rendered":"https:\/\/www.egemtv.com\/?p=24500"},"modified":"2025-03-07T13:48:17","modified_gmt":"2025-03-07T10:48:17","slug":"denizli-idmanyurdu-izmir-deplasmaninda-galibiyet-serisini-surdurmek-istiyor","status":"publish","type":"post","link":"https:\/\/www.egemtv.com\/?p=24500","title":{"rendered":"Denizli \u0130dmanyurdu, \u0130zmir deplasman\u0131nda galibiyet serisini s\u00fcrd\u00fcrmek istiyor"},"content":{"rendered":"<p>TFF B\u00f6lgesel Amat\u00f6r Lig 7. Grup 21. haftas\u0131nda kendi evinde S\u00f6kespor\u2019u 6-1 ma\u011flup ederek puan\u0131n\u0131 50\u2019ye \u00e7\u0131karan Denizli \u0130dmanyurdu\u2019nda g\u00f6zler 22. haftada oynanacak \u0130zmirspor ma\u00e7\u0131na \u00e7evrildi.<\/p>\n<p>TFF B\u00f6lgesel Amat\u00f6r Lig 7. Grup\u2019ta 21. hafta itibariyle; 16 galibiyet, 2 beraberlik, 2 yenilgi alarak 50 puan toplayan ve en yak\u0131n rakibi Torbal\u0131spor\u2019a 5 puan farkla liderli\u011fini s\u00fcrd\u00fcren Denizli \u0130dmanyurdu G\u00fcrellerspor, 22. haftada oynanacak \u0130zmirspor ma\u00e7\u0131ndan 3 puan bekliyor. \u015eampiyonluk yolunda son 7 haftaya girilirken \u00e7al\u0131\u015fmalar\u0131na a\u011f\u0131rl\u0131k veren k\u0131rm\u0131z\u0131-siyahl\u0131larda moraller \u00fcst d\u00fczeyde. Antrenmanlar\u0131na \u015eirink\u00f6y Stad\u0131\u2019nda Teknik Sorumlu G\u00f6khan Kaynak nezaretinde s\u00fcrd\u00fcren Denizli temsilcisinde tek d\u00fc\u015f\u00fcnce \u015fampiyonluk yolunda son 7 haftay\u0131 kay\u0131ps\u0131z tamamlamak.<\/p>\n<p>&#8220;Ligde art\u0131k son 7 haftam\u0131z ve hepsi de final ma\u00e7\u0131&#8221;<br \/>\n<br \/>Ligi ve \u0130zmirspor ma\u00e7\u0131n\u0131 de\u011ferlendiren Denizli \u0130dmanyurdu G\u00fcrellerspor Teknik Sorumlusu G\u00f6khan Kaynak, tak\u0131m olarak iyi bir performans g\u00f6sterdiklerini belirterek, &#8220;Kay\u0131ps\u0131z gitmemiz gereken haftalar\u0131 oynuyoruz. Ligde art\u0131k son 7 haftam\u0131z. 7 final ma\u00e7\u0131m\u0131z var. \u00c7ocuklarla da ayn\u0131 \u015feyleri konu\u015fuyoruz zaten. Bunun bilincindeyiz. Hedefimiz tabi her hafta kay\u0131ps\u0131z ge\u00e7erek Torbal\u0131 ma\u00e7\u0131na kadar iki puanl\u0131k avantaj\u0131m\u0131z\u0131 korumak istiyoruz&#8221; diye konu\u015ftu.<\/p>\n<p>&#8220;\u0130yi gidi\u015fat\u0131 devam ettirmek istiyoruz&#8221;<br \/>\n<br \/>\u0130yi bir ivme yakalad\u0131klar\u0131n\u0131 ve S\u00f6kespor ile oynanan ma\u00e7\u0131 de\u011ferlendiren Teknik Sorumlu Kaynak, &#8220;Bunu da ba\u015farabilecek g\u00fc\u00e7teyiz. Bir taraftan da hafta hafta gidiyoruz. Her hafta kazan\u0131yoruz. 14 haftad\u0131r 13 galibiyet 1 beraberlikle buraday\u0131z. Ger\u00e7ekten iyi bir \u00e7\u0131k\u0131\u015f\u0131m\u0131z var. \u0130yi bir ivme yakalad\u0131k. Kaybetmemenin ne oldu\u011funu kazanman\u0131n ne oldu\u011funu \u015fu anda ger\u00e7ekten bilen iyi bir ekip iyi bir tak\u0131m olduk. Bunu devam ettirmek istiyoruz. Tabi S\u00f6ke ma\u00e7\u0131 bizim i\u00e7in \u00f6l\u00e7\u00fc de\u011fil. \u0130lk yar\u0131dan kaybetti\u011fi oyuncular\u0131 oldu. Gen\u00e7 oyuncularla buraya geldiler. Daha da farkl\u0131 olabilirdi. Bizim i\u00e7in art\u0131k rakibin k\u00fc\u00e7\u00fckl\u00fc\u011f\u00fc b\u00fcy\u00fckl\u00fc\u011f\u00fc ya da s\u0131ralamadaki yerinin \u00f6nemli olmad\u0131\u011f\u0131 dolay\u0131s\u0131yla her ma\u00e7tan 3 puan almam\u0131z\u0131n gerekti\u011fi haftalar\u0131 oynuyoruz. S\u00f6ke ma\u00e7\u0131n\u0131 da 3 puanla kapatt\u0131k. Tabi bunun i\u00e7in mutluyuz. Oyuncular\u0131m\u0131 da bu anlamda kutluyorum &#8220;\u015feklinde konu\u015ftu.<\/p>\n<p>&#8220;Pazar g\u00fcn\u00fc en iyi 11 ile sahada olup ma\u00e7\u0131 kazanmak istiyoruz&#8221;<br \/>\n<br \/>Ligin 22. haftas\u0131nda grubun g\u00fc\u00e7l\u00fc tak\u0131mlar\u0131ndan \u0130zmirspor ile oynayacaklar\u0131n\u0131 s\u00f6yleyen Kaynak &#8220;Tabi \u015fimdi bir \u0130zmirspor ma\u00e7\u0131 var. Oda \u015fampiyonlu\u011fun g\u00fc\u00e7l\u00fc adaylar\u0131ndan birisi hatta b\u00fct\u00e7e anlam\u0131nda da bizim \u00e7ok \u00e7ok \u00f6n\u00fcm\u00fczde olan bir ekip olarak sezona ba\u015flad\u0131. Tabi \u015fu anda 8 puan gerimize d\u00fc\u015ft\u00fcler. Ligdeki yerlerinin \u00e7ok da \u00f6nemli olmad\u0131\u011f\u0131n\u0131 d\u00fc\u015f\u00fcn\u00fcyorum. Bu ma\u00e7lar bizim i\u00e7in kazanmam\u0131z gereken ma\u00e7lar, kay\u0131ps\u0131z ge\u00e7memiz gereken ma\u00e7lar. \u015eu anda birka\u00e7 eksi\u011fimiz var ancak Pazar g\u00fcn\u00fcne kadar in\u015fallah onlar\u0131n da aram\u0131za kat\u0131laca\u011f\u0131n\u0131 d\u00fc\u015f\u00fcn\u00fcyoruz. \u0130n\u015fallah Pazar g\u00fcn\u00fc en iyi 11 ile sahada olup ma\u00e7\u0131 kazanmak istiyoruz &#8220;ifadelerini kulland\u0131.<br \/><\/p>\n","protected":false},"excerpt":{"rendered":"<p>TFF B\u00f6lgesel Amat\u00f6r Lig 7. Grup 21. haftas\u0131nda kendi evinde S\u00f6kespor\u2019u 6-1 ma\u011flup ederek puan\u0131n\u0131 50\u2019ye \u00e7\u0131karan Denizli \u0130dmanyurdu\u2019nda g\u00f6zler 22. haftada oynanacak \u0130zmirspor ma\u00e7\u0131na \u00e7evrildi. TFF B\u00f6lgesel Amat\u00f6r Lig 7. Grup\u2019ta 21. hafta itibariyle; 16 galibiyet, 2 beraberlik, 2 yenilgi alarak 50 puan toplayan ve en yak\u0131n rakibi Torbal\u0131spor\u2019a 5 puan farkla liderli\u011fini s\u00fcrd\u00fcren&#8230;<\/p>\n","protected":false},"author":1,"featured_media":24501,"comment_status":"open","ping_status":"open","sticky":false,"template":"","format":"standard","meta":{"_crdt_document":"","footnotes":""},"categories":[4],"tags":[],"class_list":["post-24500","post","type-post","status-publish","format-standard","has-post-thumbnail","hentry","category-spor"],"_links":{"self":[{"href":"https:\/\/www.egemtv.com\/index.php?rest_route=\/wp\/v2\/posts\/24500","targetHints":{"allow":["GET"]}}],"collection":[{"href":"https:\/\/www.egemtv.com\/index.php?rest_route=\/wp\/v2\/posts"}],"about":[{"href":"https:\/\/www.egemtv.com\/index.php?rest_route=\/wp\/v2\/types\/post"}],"author":[{"embeddable":true,"href":"https:\/\/www.egemtv.com\/index.php?rest_route=\/wp\/v2\/users\/1"}],"replies":[{"embeddable":true,"href":"https:\/\/www.egemtv.com\/index.php?rest_route=%2Fwp%2Fv2%2Fcomments&post=24500"}],"version-history":[{"count":1,"href":"https:\/\/www.egemtv.com\/index.php?rest_route=\/wp\/v2\/posts\/24500\/revisions"}],"predecessor-version":[{"id":24502,"href":"https:\/\/www.egemtv.com\/index.php?rest_route=\/wp\/v2\/posts\/24500\/revisions\/24502"}],"wp:featuredmedia":[{"embeddable":true,"href":"https:\/\/www.egemtv.com\/index.php?rest_route=\/wp\/v2\/media\/24501"}],"wp:attachment":[{"href":"https:\/\/www.egemtv.com\/index.php?rest_route=%2Fwp%2Fv2%2Fmedia&parent=24500"}],"wp:term":[{"taxonomy":"category","embeddable":true,"href":"https:\/\/www.egemtv.com\/index.php?rest_route=%2Fwp%2Fv2%2Fcategories&post=24500"},{"taxonomy":"post_tag","embeddable":true,"href":"https:\/\/www.egemtv.com\/index.php?rest_route=%2Fwp%2Fv2%2Ftags&post=24500"}],"curies":[{"name":"wp","href":"https:\/\/api.w.org\/{rel}","templated":true}]}}