{"id":24497,"date":"2025-03-07T13:12:29","date_gmt":"2025-03-07T10:12:29","guid":{"rendered":"https:\/\/www.egemtv.com\/?p=24497"},"modified":"2025-03-07T13:12:34","modified_gmt":"2025-03-07T10:12:34","slug":"ataturkun-aydina-biraktigi-miras-nazilli-basma-fabrikasi-simdilerde-atil-kaldi","status":"publish","type":"post","link":"https:\/\/www.egemtv.com\/?p=24497","title":{"rendered":"Atat\u00fcrk\u2019\u00fcn Ayd\u0131n\u2019a b\u0131rakt\u0131\u011f\u0131 miras, Nazilli Basma Fabrikas\u0131 \u015fimdilerde at\u0131l kald\u0131"},"content":{"rendered":"<p>Ayd\u0131n\u2019\u0131n Nazilli il\u00e7esinde 1937 y\u0131l\u0131nda Atat\u00fcrk taraf\u0131ndan a\u00e7\u0131l\u0131\u015f\u0131 yap\u0131lan, bor\u00e7lar\u0131 nedeniyle 1999 y\u0131l\u0131nda kapand\u0131ktan sonra Adnan Menderes \u00dcniversitesi\u2019ne devredilen S\u00fcmerbank Nazilli Basma Fabrikas\u0131, \u015fimdilerde at\u0131l durumda aya\u011fa kalkaca\u011f\u0131 g\u00fcn\u00fc bekliyor.<br \/>\n<br \/>Gazi Mustafa Kemal Atat\u00fcrk\u2019\u00fcn \u00fclkeye sa\u011flad\u0131\u011f\u0131 sanayi yat\u0131r\u0131mlar\u0131ndan biri olan ve S\u00fcmerbank\u2019a ait olarak kurulan Nazilli Basma Fabrikas\u0131, kapat\u0131lmas\u0131n\u0131n ard\u0131ndan y\u0131llar ge\u00e7mesine ra\u011fmen \u00fclke genelinde tan\u0131n\u0131rl\u0131\u011f\u0131n\u0131 s\u00fcrd\u00fcr\u00fcyor. 1999 y\u0131l\u0131nda kapanmas\u0131n\u0131n ard\u0131ndan Adnan Menderes \u00dcniversitesi\u2019ne devredilen, 340 bin metrekare y\u00fcz\u00f6l\u00e7\u00fcm\u00fcne sahip fabrika alan\u0131nda Sa\u011fl\u0131k ve Meslek Y\u00fcksekokulu olarak toplam 60 bin metrekarede e\u011fitim veriliyor. Yakla\u015f\u0131k 180 bin metrekare alan\u0131 ise y\u0131llard\u0131r bo\u015f duran ve harabeye d\u00f6nm\u00fc\u015f bir g\u00f6r\u00fcnt\u00fcye b\u00fcr\u00fcnen fabrikan\u0131n son hali g\u00f6renleri \u015fa\u015f\u0131rt\u0131yor.<br \/>\n<br \/>\u00d6zellikle \u00fcniversite kamp\u00fcs\u00fc olarak kullan\u0131lan fabrikan\u0131n at\u0131l bir g\u00f6r\u00fcnt\u00fc sergilemesinin il\u00e7enin tan\u0131t\u0131m\u0131n\u0131 da olumsuz y\u00f6nde etkiledi\u011fini ifade eden Nazillili vatanda\u015flar, Atat\u00fcrk\u2019\u00fcn miras\u0131 olan ve il\u00e7enin sembollerinden biri haline gelen Nazilli Basma Fabrikas\u0131\u2019n\u0131n aya\u011fa kald\u0131r\u0131lmas\u0131n\u0131 istiyor.<br \/><\/p>\n","protected":false},"excerpt":{"rendered":"<p>Ayd\u0131n\u2019\u0131n Nazilli il\u00e7esinde 1937 y\u0131l\u0131nda Atat\u00fcrk taraf\u0131ndan a\u00e7\u0131l\u0131\u015f\u0131 yap\u0131lan, bor\u00e7lar\u0131 nedeniyle 1999 y\u0131l\u0131nda kapand\u0131ktan sonra Adnan Menderes \u00dcniversitesi\u2019ne devredilen S\u00fcmerbank Nazilli Basma Fabrikas\u0131, \u015fimdilerde at\u0131l durumda aya\u011fa kalkaca\u011f\u0131 g\u00fcn\u00fc bekliyor. Gazi Mustafa Kemal Atat\u00fcrk\u2019\u00fcn \u00fclkeye sa\u011flad\u0131\u011f\u0131 sanayi yat\u0131r\u0131mlar\u0131ndan biri olan ve S\u00fcmerbank\u2019a ait olarak kurulan Nazilli Basma Fabrikas\u0131, kapat\u0131lmas\u0131n\u0131n ard\u0131ndan y\u0131llar ge\u00e7mesine ra\u011fmen \u00fclke genelinde&#8230;<\/p>\n","protected":false},"author":1,"featured_media":24498,"comment_status":"open","ping_status":"open","sticky":false,"template":"","format":"standard","meta":{"_crdt_document":"","footnotes":""},"categories":[1],"tags":[],"class_list":["post-24497","post","type-post","status-publish","format-standard","has-post-thumbnail","hentry","category-guncel"],"_links":{"self":[{"href":"https:\/\/www.egemtv.com\/index.php?rest_route=\/wp\/v2\/posts\/24497","targetHints":{"allow":["GET"]}}],"collection":[{"href":"https:\/\/www.egemtv.com\/index.php?rest_route=\/wp\/v2\/posts"}],"about":[{"href":"https:\/\/www.egemtv.com\/index.php?rest_route=\/wp\/v2\/types\/post"}],"author":[{"embeddable":true,"href":"https:\/\/www.egemtv.com\/index.php?rest_route=\/wp\/v2\/users\/1"}],"replies":[{"embeddable":true,"href":"https:\/\/www.egemtv.com\/index.php?rest_route=%2Fwp%2Fv2%2Fcomments&post=24497"}],"version-history":[{"count":1,"href":"https:\/\/www.egemtv.com\/index.php?rest_route=\/wp\/v2\/posts\/24497\/revisions"}],"predecessor-version":[{"id":24499,"href":"https:\/\/www.egemtv.com\/index.php?rest_route=\/wp\/v2\/posts\/24497\/revisions\/24499"}],"wp:featuredmedia":[{"embeddable":true,"href":"https:\/\/www.egemtv.com\/index.php?rest_route=\/wp\/v2\/media\/24498"}],"wp:attachment":[{"href":"https:\/\/www.egemtv.com\/index.php?rest_route=%2Fwp%2Fv2%2Fmedia&parent=24497"}],"wp:term":[{"taxonomy":"category","embeddable":true,"href":"https:\/\/www.egemtv.com\/index.php?rest_route=%2Fwp%2Fv2%2Fcategories&post=24497"},{"taxonomy":"post_tag","embeddable":true,"href":"https:\/\/www.egemtv.com\/index.php?rest_route=%2Fwp%2Fv2%2Ftags&post=24497"}],"curies":[{"name":"wp","href":"https:\/\/api.w.org\/{rel}","templated":true}]}}