{"id":24494,"date":"2025-03-07T12:46:46","date_gmt":"2025-03-07T09:46:46","guid":{"rendered":"https:\/\/www.egemtv.com\/?p=24494"},"modified":"2025-03-07T12:46:51","modified_gmt":"2025-03-07T09:46:51","slug":"yuklu-miktarda-uyusturucuyla-yakalanan-2-supheli-tutuklandi","status":"publish","type":"post","link":"https:\/\/www.egemtv.com\/?p=24494","title":{"rendered":"Y\u00fckl\u00fc miktarda uyu\u015fturucuyla yakalanan 2 \u015f\u00fcpheli tutukland\u0131"},"content":{"rendered":"<p>Denizli\u2019de uyu\u015fturucu madde imal ve ticaretinden \u015f\u00fcpheli 2 \u015fahsa yap\u0131lan e\u015f zamanl\u0131 operasyonda y\u00fckl\u00fc miktarda uyu\u015fturucu madde bulundu. Operasyon sonucunda yakalanan 2 \u015f\u00fcpheli, tutuklanarak cezaevine g\u00f6nderildi.<\/p>\n<p>Denizli \u0130l Jandarma Komutanl\u0131\u011f\u0131na ba\u011fl\u0131 ekipler uyu\u015fturucu ticaretiyle m\u00fccadele kapsam\u0131nda \u00e7al\u0131\u015fmalar\u0131n\u0131 h\u0131z kesmeden devam ediyor. Denizli ve Sarayk\u00f6y Cumhuriyet Ba\u015fsavc\u0131l\u0131klar\u0131 koordinesinde Sarayk\u00f6y ve Merkezefendi il\u00e7elerinde, 2 \u015f\u00fcpheliye y\u00f6nelik e\u015f zamanl\u0131 operasyon ger\u00e7ekle\u015ftirildi. Uyu\u015fturucu imal\u0131 ve ticareti yapt\u0131\u011f\u0131 belirlenen 2 \u015f\u00fcphelinin yakaland\u0131\u011f\u0131 e\u015f zamanl\u0131 operasyonda, bin 540 adet uyu\u015fturucu hap, bin 780 kullan\u0131ml\u0131k kannob\u0131ond maddesi ile 1 adet makas ele ge\u00e7irildi.<\/p>\n<p>Ele ge\u00e7irilen malzemeler muhafaza alt\u0131na al\u0131n\u0131rken, adli makamlara sevk edilen 2 \u015f\u00fcpheli tutuklanarak cezaevine g\u00f6nderildi.<br \/><\/p>\n","protected":false},"excerpt":{"rendered":"<p>Denizli\u2019de uyu\u015fturucu madde imal ve ticaretinden \u015f\u00fcpheli 2 \u015fahsa yap\u0131lan e\u015f zamanl\u0131 operasyonda y\u00fckl\u00fc miktarda uyu\u015fturucu madde bulundu. Operasyon sonucunda yakalanan 2 \u015f\u00fcpheli, tutuklanarak cezaevine g\u00f6nderildi. Denizli \u0130l Jandarma Komutanl\u0131\u011f\u0131na ba\u011fl\u0131 ekipler uyu\u015fturucu ticaretiyle m\u00fccadele kapsam\u0131nda \u00e7al\u0131\u015fmalar\u0131n\u0131 h\u0131z kesmeden devam ediyor. Denizli ve Sarayk\u00f6y Cumhuriyet Ba\u015fsavc\u0131l\u0131klar\u0131 koordinesinde Sarayk\u00f6y ve Merkezefendi il\u00e7elerinde, 2 \u015f\u00fcpheliye y\u00f6nelik e\u015f&#8230;<\/p>\n","protected":false},"author":1,"featured_media":24495,"comment_status":"open","ping_status":"open","sticky":false,"template":"","format":"standard","meta":{"_crdt_document":"","footnotes":""},"categories":[5],"tags":[],"class_list":["post-24494","post","type-post","status-publish","format-standard","has-post-thumbnail","hentry","category-asayis"],"_links":{"self":[{"href":"https:\/\/www.egemtv.com\/index.php?rest_route=\/wp\/v2\/posts\/24494","targetHints":{"allow":["GET"]}}],"collection":[{"href":"https:\/\/www.egemtv.com\/index.php?rest_route=\/wp\/v2\/posts"}],"about":[{"href":"https:\/\/www.egemtv.com\/index.php?rest_route=\/wp\/v2\/types\/post"}],"author":[{"embeddable":true,"href":"https:\/\/www.egemtv.com\/index.php?rest_route=\/wp\/v2\/users\/1"}],"replies":[{"embeddable":true,"href":"https:\/\/www.egemtv.com\/index.php?rest_route=%2Fwp%2Fv2%2Fcomments&post=24494"}],"version-history":[{"count":1,"href":"https:\/\/www.egemtv.com\/index.php?rest_route=\/wp\/v2\/posts\/24494\/revisions"}],"predecessor-version":[{"id":24496,"href":"https:\/\/www.egemtv.com\/index.php?rest_route=\/wp\/v2\/posts\/24494\/revisions\/24496"}],"wp:featuredmedia":[{"embeddable":true,"href":"https:\/\/www.egemtv.com\/index.php?rest_route=\/wp\/v2\/media\/24495"}],"wp:attachment":[{"href":"https:\/\/www.egemtv.com\/index.php?rest_route=%2Fwp%2Fv2%2Fmedia&parent=24494"}],"wp:term":[{"taxonomy":"category","embeddable":true,"href":"https:\/\/www.egemtv.com\/index.php?rest_route=%2Fwp%2Fv2%2Fcategories&post=24494"},{"taxonomy":"post_tag","embeddable":true,"href":"https:\/\/www.egemtv.com\/index.php?rest_route=%2Fwp%2Fv2%2Ftags&post=24494"}],"curies":[{"name":"wp","href":"https:\/\/api.w.org\/{rel}","templated":true}]}}