{"id":24491,"date":"2025-03-07T12:26:30","date_gmt":"2025-03-07T09:26:30","guid":{"rendered":"https:\/\/www.egemtv.com\/?p=24491"},"modified":"2025-03-07T12:26:33","modified_gmt":"2025-03-07T09:26:33","slug":"simavda-cami-market-uygulamasi","status":"publish","type":"post","link":"https:\/\/www.egemtv.com\/?p=24491","title":{"rendered":"Simav\u2019da &#8220;Cami Market&#8221; uygulamas\u0131"},"content":{"rendered":"<p>K\u00fctahya\u2019n\u0131n Simav il\u00e7esinde, Ramazan ay\u0131nda camiye teravihe gelen \u00e7ocuklara \u00fccretsiz hizmet veren \u2019Cami Market\u2019 uygulamas\u0131 \u00f6rnek olmaya devam ediyor.<br \/>\n<br \/>Na\u015fa beldesi B\u00fcy\u00fck Camide her sene oldu\u011fu gibi bu y\u0131l da mukabele, yats\u0131 ve teravih namaz\u0131na kat\u0131lan, oru\u00e7 tutan \u00f6\u011frencilere y\u00f6nelik uygulamaya konulan &#8220;Cami Market&#8221;ten mukabele, yats\u0131 ve teravih namaz\u0131na gelen g\u00fcnde yakla\u015f\u0131k 37 k\u0131z ve 35 erkek \u00f6\u011frenciye haftan\u0131n belirli g\u00fcnleri \u00e7e\u015fitli ikramlarda bulunuluyor.<br \/>\n<br \/>\u0130l\u00e7e M\u00fcft\u00fcs\u00fc Hasan Ser\u00e7e\u2019nin de kat\u0131l\u0131mlar\u0131 ile ger\u00e7ekle\u015fen son programda M\u00fcft\u00fc Ser\u00e7e\u2019nin sohbeti, din g\u00f6revlilerinin m\u00fcezzinlik ve imameti ile k\u0131l\u0131nan teravih namaz\u0131n\u0131n ard\u0131ndan camiye gelen \u00f6\u011frencilere &#8220;Cami Market&#8221;ten ikramlarda bulunuldu.<br \/>\n<br \/>&#8220;Cami Market&#8221; uygulamas\u0131 hakk\u0131nda a\u00e7\u0131klamalarda bulunan Na\u015fa beldesi B\u00fcy\u00fck Camii din g\u00f6revlileri Zafer Demircan ve Bahattin Ayg\u00fcn, &#8220;Ramazan ay\u0131 s\u00fcresince Cami Marketi hayata ge\u00e7irmekteki amac\u0131m\u0131z \u00e7ocuklar\u0131m\u0131za camiyi sevdirmek, namaz \u015fuuru kazand\u0131rmak, imanl\u0131, ahlakl\u0131 bir nesil yeti\u015ftirmektir. Bu vesileyle Cami Marketimize maddi ve manevi katk\u0131da bulunan, bulunmaya devam eden b\u00fct\u00fcn hay\u0131rseverlerimizden Allah raz\u0131 olsun&#8221; dediler.<br \/><\/p>\n","protected":false},"excerpt":{"rendered":"<p>K\u00fctahya\u2019n\u0131n Simav il\u00e7esinde, Ramazan ay\u0131nda camiye teravihe gelen \u00e7ocuklara \u00fccretsiz hizmet veren \u2019Cami Market\u2019 uygulamas\u0131 \u00f6rnek olmaya devam ediyor. Na\u015fa beldesi B\u00fcy\u00fck Camide her sene oldu\u011fu gibi bu y\u0131l da mukabele, yats\u0131 ve teravih namaz\u0131na kat\u0131lan, oru\u00e7 tutan \u00f6\u011frencilere y\u00f6nelik uygulamaya konulan &#8220;Cami Market&#8221;ten mukabele, yats\u0131 ve teravih namaz\u0131na gelen g\u00fcnde yakla\u015f\u0131k 37 k\u0131z ve&#8230;<\/p>\n","protected":false},"author":1,"featured_media":24492,"comment_status":"open","ping_status":"open","sticky":false,"template":"","format":"standard","meta":{"_crdt_document":"","footnotes":""},"categories":[123],"tags":[],"class_list":["post-24491","post","type-post","status-publish","format-standard","has-post-thumbnail","hentry","category-gundem"],"_links":{"self":[{"href":"https:\/\/www.egemtv.com\/index.php?rest_route=\/wp\/v2\/posts\/24491","targetHints":{"allow":["GET"]}}],"collection":[{"href":"https:\/\/www.egemtv.com\/index.php?rest_route=\/wp\/v2\/posts"}],"about":[{"href":"https:\/\/www.egemtv.com\/index.php?rest_route=\/wp\/v2\/types\/post"}],"author":[{"embeddable":true,"href":"https:\/\/www.egemtv.com\/index.php?rest_route=\/wp\/v2\/users\/1"}],"replies":[{"embeddable":true,"href":"https:\/\/www.egemtv.com\/index.php?rest_route=%2Fwp%2Fv2%2Fcomments&post=24491"}],"version-history":[{"count":1,"href":"https:\/\/www.egemtv.com\/index.php?rest_route=\/wp\/v2\/posts\/24491\/revisions"}],"predecessor-version":[{"id":24493,"href":"https:\/\/www.egemtv.com\/index.php?rest_route=\/wp\/v2\/posts\/24491\/revisions\/24493"}],"wp:featuredmedia":[{"embeddable":true,"href":"https:\/\/www.egemtv.com\/index.php?rest_route=\/wp\/v2\/media\/24492"}],"wp:attachment":[{"href":"https:\/\/www.egemtv.com\/index.php?rest_route=%2Fwp%2Fv2%2Fmedia&parent=24491"}],"wp:term":[{"taxonomy":"category","embeddable":true,"href":"https:\/\/www.egemtv.com\/index.php?rest_route=%2Fwp%2Fv2%2Fcategories&post=24491"},{"taxonomy":"post_tag","embeddable":true,"href":"https:\/\/www.egemtv.com\/index.php?rest_route=%2Fwp%2Fv2%2Ftags&post=24491"}],"curies":[{"name":"wp","href":"https:\/\/api.w.org\/{rel}","templated":true}]}}