{"id":24488,"date":"2025-03-07T12:26:26","date_gmt":"2025-03-07T09:26:26","guid":{"rendered":"https:\/\/www.egemtv.com\/?p=24488"},"modified":"2025-03-07T12:26:29","modified_gmt":"2025-03-07T09:26:29","slug":"milli-egitim-bakanligi-insaat-ve-emlak-genel-muduru-ozcan-duman-tavsanlida-incelemelerde-bulundu","status":"publish","type":"post","link":"https:\/\/www.egemtv.com\/?p=24488","title":{"rendered":"Mill\u00ee E\u011fitim Bakanl\u0131\u011f\u0131 \u0130n\u015faat ve Emlak Genel M\u00fcd\u00fcr\u00fc \u00d6zcan Duman Tav\u015fanl\u0131\u2019da incelemelerde bulundu"},"content":{"rendered":"<p>Mill\u00ee E\u011fitim Bakanl\u0131\u011f\u0131 \u0130n\u015faat ve Emlak Genel M\u00fcd\u00fcr\u00fc \u00d6zcan Duman, \u0130l Mill\u00ee E\u011fitim M\u00fcd\u00fcr\u00fc Mustafa Y\u0131lmaz ve \u0130n\u015faat ve Emlak Uzman\u0131 Ahmet Turgay O\u011fuz ile birlikte Tav\u015fanl\u0131\u2019da bir dizi ziyaret ger\u00e7ekle\u015ftirdi.<br \/>\n<br \/>Heyet, Tav\u015fanl\u0131 Ba\u011fl\u0131k Ortaokulu\u2019nda \u00f6\u011fretmen ve \u00f6\u011frencilerle bir araya geldi. \u00d6zcan Duman, Mill\u00ee E\u011fitim Bakanl\u0131\u011f\u0131\u2019n\u0131n hayata ge\u00e7irdi\u011fi T\u00fcrkiye Y\u00fczy\u0131l\u0131 Maarif Modeli ve di\u011fer e\u011fitim politikalar\u0131 hakk\u0131nda \u00f6\u011fretmen ve \u00f6\u011frencilerle fikir al\u0131\u015fveri\u015finde bulundu.<br \/>\n<br \/>Ziyaret kapsam\u0131nda, in\u015faat\u0131 devam eden Tav\u015fanl\u0131 \u00f6\u011fretmenevi incelendi ve Tav\u015fanl\u0131\u2019da okul in\u015faat\u0131 planlanan alanlar gezildi. Yetkililer, yap\u0131lacak yeni e\u011fitim yat\u0131r\u0131mlar\u0131 hakk\u0131nda de\u011ferlendirmelerde bulundu. Ziyaretlerin sonunda, T\u00fcrkiye Y\u00fczy\u0131l\u0131 Maarif Modeli kapsam\u0131nda Tav\u015fanl\u0131 Mesleki ve Teknik Anadolu Lisesi pansiyonunda \u00f6\u011frencilerle iftar program\u0131 d\u00fczenlendi. \u0130ftar program\u0131na, Mill\u00ee E\u011fitim Bakanl\u0131\u011f\u0131 \u0130n\u015faat ve Emlak Genel M\u00fcd\u00fcr\u00fc \u00d6zcan Duman, Tav\u015fanl\u0131 Kaymakam\u0131 Hayrettin Bask\u0131n, K\u00fctahya \u0130l Mill\u00ee E\u011fitim M\u00fcd\u00fcr\u00fc Mustafa Y\u0131lmaz, Tav\u015fanl\u0131 \u0130l\u00e7e Mill\u00ee E\u011fitim M\u00fcd\u00fcr\u00fc Ra\u015fit Refik K\u00fc\u00e7\u00fckka\u011fn\u0131c\u0131, Tav\u015fanl\u0131 Ticaret ve Sanayi Odas\u0131 Ba\u015fkan\u0131 Davut Efe, Tav\u015fanl\u0131 Esnaf ve Sanatkarlar Odas\u0131 Ba\u015fkan\u0131 Yasin Demirci, Mill\u00ee E\u011fitim \u015fube m\u00fcd\u00fcrleri ve \u00f6\u011frenciler kat\u0131ld\u0131.<br \/>\n<br \/>Ziyaretlerin sonunda, T\u00fcrkiye Y\u00fczy\u0131l\u0131 Maarif Modeli kapsam\u0131nda Tav\u015fanl\u0131 Mesleki ve Teknik Anadolu Lisesi pansiyonunda \u00f6\u011frenciler ve velileri ile iftar program\u0131 d\u00fczenlendi. \u0130ftar program\u0131na, Mill\u00ee E\u011fitim Bakanl\u0131\u011f\u0131 \u0130n\u015faat ve Emlak Genel M\u00fcd\u00fcr\u00fc \u00d6zcan Duman, Tav\u015fanl\u0131 Kaymakam\u0131 Hayrettin Bask\u0131n, K\u00fctahya \u0130l Mill\u00ee E\u011fitim M\u00fcd\u00fcr\u00fc Mustafa Y\u0131lmaz, Tav\u015fanl\u0131 \u0130l\u00e7e Mill\u00ee E\u011fitim M\u00fcd\u00fcr\u00fc Ra\u015fit Refik K\u00fc\u00e7\u00fckka\u011fn\u0131c\u0131, Tav\u015fanl\u0131 Ticaret ve Sanayi Odas\u0131 Ba\u015fkan\u0131 Davut Efe, Tav\u015fanl\u0131 Esnaf ve Sanatkarlar Odas\u0131 Ba\u015fkan\u0131 Yasin Demirci, Mill\u00ee E\u011fitim \u015fube m\u00fcd\u00fcrleri ve \u00f6\u011frenciler kat\u0131ld\u0131.<br \/><\/p>\n","protected":false},"excerpt":{"rendered":"<p>Mill\u00ee E\u011fitim Bakanl\u0131\u011f\u0131 \u0130n\u015faat ve Emlak Genel M\u00fcd\u00fcr\u00fc \u00d6zcan Duman, \u0130l Mill\u00ee E\u011fitim M\u00fcd\u00fcr\u00fc Mustafa Y\u0131lmaz ve \u0130n\u015faat ve Emlak Uzman\u0131 Ahmet Turgay O\u011fuz ile birlikte Tav\u015fanl\u0131\u2019da bir dizi ziyaret ger\u00e7ekle\u015ftirdi. Heyet, Tav\u015fanl\u0131 Ba\u011fl\u0131k Ortaokulu\u2019nda \u00f6\u011fretmen ve \u00f6\u011frencilerle bir araya geldi. \u00d6zcan Duman, Mill\u00ee E\u011fitim Bakanl\u0131\u011f\u0131\u2019n\u0131n hayata ge\u00e7irdi\u011fi T\u00fcrkiye Y\u00fczy\u0131l\u0131 Maarif Modeli ve di\u011fer e\u011fitim&#8230;<\/p>\n","protected":false},"author":1,"featured_media":24489,"comment_status":"open","ping_status":"open","sticky":false,"template":"","format":"standard","meta":{"_crdt_document":"","footnotes":""},"categories":[1],"tags":[],"class_list":["post-24488","post","type-post","status-publish","format-standard","has-post-thumbnail","hentry","category-guncel"],"_links":{"self":[{"href":"https:\/\/www.egemtv.com\/index.php?rest_route=\/wp\/v2\/posts\/24488","targetHints":{"allow":["GET"]}}],"collection":[{"href":"https:\/\/www.egemtv.com\/index.php?rest_route=\/wp\/v2\/posts"}],"about":[{"href":"https:\/\/www.egemtv.com\/index.php?rest_route=\/wp\/v2\/types\/post"}],"author":[{"embeddable":true,"href":"https:\/\/www.egemtv.com\/index.php?rest_route=\/wp\/v2\/users\/1"}],"replies":[{"embeddable":true,"href":"https:\/\/www.egemtv.com\/index.php?rest_route=%2Fwp%2Fv2%2Fcomments&post=24488"}],"version-history":[{"count":1,"href":"https:\/\/www.egemtv.com\/index.php?rest_route=\/wp\/v2\/posts\/24488\/revisions"}],"predecessor-version":[{"id":24490,"href":"https:\/\/www.egemtv.com\/index.php?rest_route=\/wp\/v2\/posts\/24488\/revisions\/24490"}],"wp:featuredmedia":[{"embeddable":true,"href":"https:\/\/www.egemtv.com\/index.php?rest_route=\/wp\/v2\/media\/24489"}],"wp:attachment":[{"href":"https:\/\/www.egemtv.com\/index.php?rest_route=%2Fwp%2Fv2%2Fmedia&parent=24488"}],"wp:term":[{"taxonomy":"category","embeddable":true,"href":"https:\/\/www.egemtv.com\/index.php?rest_route=%2Fwp%2Fv2%2Fcategories&post=24488"},{"taxonomy":"post_tag","embeddable":true,"href":"https:\/\/www.egemtv.com\/index.php?rest_route=%2Fwp%2Fv2%2Ftags&post=24488"}],"curies":[{"name":"wp","href":"https:\/\/api.w.org\/{rel}","templated":true}]}}