{"id":24485,"date":"2025-03-07T12:26:21","date_gmt":"2025-03-07T09:26:21","guid":{"rendered":"https:\/\/www.egemtv.com\/?p=24485"},"modified":"2025-03-07T12:26:26","modified_gmt":"2025-03-07T09:26:26","slug":"kirmizi-bultenle-araniyordu-fethiyede-yakalandi","status":"publish","type":"post","link":"https:\/\/www.egemtv.com\/?p=24485","title":{"rendered":"K\u0131rm\u0131z\u0131 b\u00fcltenle aran\u0131yordu, Fethiye\u2019de yakaland\u0131"},"content":{"rendered":"<p>Nitelikli h\u0131rs\u0131zl\u0131k su\u00e7undan \u0130nterpol-Europol Dairesi Ba\u015fkanl\u0131\u011f\u0131 taraf\u0131ndan k\u0131rm\u0131z\u0131 b\u00fclten ile aranan Bosna Hersek do\u011fumlu A.K. Fethiye\u2019de yakaland\u0131.<br \/>\n<br \/>Mu\u011fla \u0130l Jandarma Komutanl\u0131\u011f\u0131nca Jandarma Genel Komutanl\u0131\u011f\u0131 KOM Daire Ba\u015fkanl\u0131\u011f\u0131 koordinesinde yap\u0131lan \u00e7al\u0131\u015fmalar sonucu, hakk\u0131nda k\u0131rm\u0131z\u0131 b\u00fclten aramas\u0131 \u00e7\u0131kar\u0131lan ve iadesi istenen A.K.\u2019nin Fethiye\u2019de oldu\u011fu tespit edildi. \u0130nterpol-Europol Dairesi Ba\u015fkanl\u0131\u011f\u0131 taraf\u0131ndan k\u0131rm\u0131z\u0131 b\u00fclten ile aranan 36 ya\u015f\u0131ndaki Bosna Hersek do\u011fumlu \u015f\u00fcpheli A.K. Fethiye \u0130l\u00e7esi \u00d6l\u00fcdeniz Mahallesi Ocakk\u00f6y mevkiinde yap\u0131lan operasyon ile yakaland\u0131.<br \/>\n<br \/>A.K. isimli \u015fah\u0131s i\u015flemlerin ard\u0131ndan \u00fclkeye iadesi i\u00e7in Ula Geri G\u00f6nderim Merkezine teslim edildi.<br \/><\/p>\n","protected":false},"excerpt":{"rendered":"<p>Nitelikli h\u0131rs\u0131zl\u0131k su\u00e7undan \u0130nterpol-Europol Dairesi Ba\u015fkanl\u0131\u011f\u0131 taraf\u0131ndan k\u0131rm\u0131z\u0131 b\u00fclten ile aranan Bosna Hersek do\u011fumlu A.K. Fethiye\u2019de yakaland\u0131. Mu\u011fla \u0130l Jandarma Komutanl\u0131\u011f\u0131nca Jandarma Genel Komutanl\u0131\u011f\u0131 KOM Daire Ba\u015fkanl\u0131\u011f\u0131 koordinesinde yap\u0131lan \u00e7al\u0131\u015fmalar sonucu, hakk\u0131nda k\u0131rm\u0131z\u0131 b\u00fclten aramas\u0131 \u00e7\u0131kar\u0131lan ve iadesi istenen A.K.\u2019nin Fethiye\u2019de oldu\u011fu tespit edildi. \u0130nterpol-Europol Dairesi Ba\u015fkanl\u0131\u011f\u0131 taraf\u0131ndan k\u0131rm\u0131z\u0131 b\u00fclten ile aranan 36 ya\u015f\u0131ndaki Bosna&#8230;<\/p>\n","protected":false},"author":1,"featured_media":24486,"comment_status":"open","ping_status":"open","sticky":false,"template":"","format":"standard","meta":{"_crdt_document":"","footnotes":""},"categories":[5],"tags":[],"class_list":["post-24485","post","type-post","status-publish","format-standard","has-post-thumbnail","hentry","category-asayis"],"_links":{"self":[{"href":"https:\/\/www.egemtv.com\/index.php?rest_route=\/wp\/v2\/posts\/24485","targetHints":{"allow":["GET"]}}],"collection":[{"href":"https:\/\/www.egemtv.com\/index.php?rest_route=\/wp\/v2\/posts"}],"about":[{"href":"https:\/\/www.egemtv.com\/index.php?rest_route=\/wp\/v2\/types\/post"}],"author":[{"embeddable":true,"href":"https:\/\/www.egemtv.com\/index.php?rest_route=\/wp\/v2\/users\/1"}],"replies":[{"embeddable":true,"href":"https:\/\/www.egemtv.com\/index.php?rest_route=%2Fwp%2Fv2%2Fcomments&post=24485"}],"version-history":[{"count":1,"href":"https:\/\/www.egemtv.com\/index.php?rest_route=\/wp\/v2\/posts\/24485\/revisions"}],"predecessor-version":[{"id":24487,"href":"https:\/\/www.egemtv.com\/index.php?rest_route=\/wp\/v2\/posts\/24485\/revisions\/24487"}],"wp:featuredmedia":[{"embeddable":true,"href":"https:\/\/www.egemtv.com\/index.php?rest_route=\/wp\/v2\/media\/24486"}],"wp:attachment":[{"href":"https:\/\/www.egemtv.com\/index.php?rest_route=%2Fwp%2Fv2%2Fmedia&parent=24485"}],"wp:term":[{"taxonomy":"category","embeddable":true,"href":"https:\/\/www.egemtv.com\/index.php?rest_route=%2Fwp%2Fv2%2Fcategories&post=24485"},{"taxonomy":"post_tag","embeddable":true,"href":"https:\/\/www.egemtv.com\/index.php?rest_route=%2Fwp%2Fv2%2Ftags&post=24485"}],"curies":[{"name":"wp","href":"https:\/\/api.w.org\/{rel}","templated":true}]}}