{"id":24482,"date":"2025-03-07T11:45:48","date_gmt":"2025-03-07T08:45:48","guid":{"rendered":"https:\/\/www.egemtv.com\/?p=24482"},"modified":"2025-03-07T11:45:51","modified_gmt":"2025-03-07T08:45:51","slug":"seydikemer-ilce-tarimdan-ureticilere-cagri","status":"publish","type":"post","link":"https:\/\/www.egemtv.com\/?p=24482","title":{"rendered":"Seydikemer \u0130l\u00e7e Tar\u0131m\u2019dan \u00fcreticilere \u00e7a\u011fr\u0131"},"content":{"rendered":"<p>Seydikemer \u0130l\u00e7e Tar\u0131m ve Orman M\u00fcd\u00fcrl\u00fc\u011f\u00fc taraf\u0131ndan yap\u0131lan a\u00e7\u0131klamada TAKE Projelerinden faydalanmak isteyen \u00fcreticilerin \u0130l\u00e7e Tar\u0131m ve Orman M\u00fcd\u00fcrl\u00fc\u011f\u00fc\u2019ne ba\u015fvurmas\u0131 gerekti\u011fi a\u00e7\u0131kland\u0131.<br \/>\n<br \/>Seydikemer \u0130l\u00e7e Tar\u0131m ve Orman M\u00fcd\u00fcrl\u00fc\u011f\u00fc, \u00fcreticilere y\u00f6nelik \u00f6nemli bir duyuru yapt\u0131. Tar\u0131msal Kalk\u0131nma ve E\u011fitim (TAKE) Projeleri kapsam\u0131nda, k\u0131\u015fl\u0131k sebze \u00fcretimi, son turfanda karpuz ve salatal\u0131k yeti\u015ftiricili\u011fi, yer f\u0131st\u0131\u011f\u0131 ve susam \u00fcretimi, baklagil ve \u015fevketi bostan yeti\u015ftiricili\u011fi konular\u0131nda \u00e7al\u0131\u015fmak isteyen \u00fcreticiler i\u00e7in ba\u015fvuru s\u00fcreci ba\u015flad\u0131. \u00dcreticiler, yeti\u015ftiricilik yapacaklar\u0131 araziler ile birlikte 13 Mart Per\u015fembe g\u00fcn\u00fcne kadar \u0130l\u00e7e M\u00fcd\u00fcrl\u00fc\u011f\u00fcne ba\u015fvurabilecek.<br \/>\n<br \/>TAKE Projesi, hem ekonomik kalk\u0131nmaya hem de yerel tar\u0131m\u0131n desteklenmesine b\u00fcy\u00fck katk\u0131 sa\u011flamay\u0131 hedefliyor.<br \/><\/p>\n","protected":false},"excerpt":{"rendered":"<p>Seydikemer \u0130l\u00e7e Tar\u0131m ve Orman M\u00fcd\u00fcrl\u00fc\u011f\u00fc taraf\u0131ndan yap\u0131lan a\u00e7\u0131klamada TAKE Projelerinden faydalanmak isteyen \u00fcreticilerin \u0130l\u00e7e Tar\u0131m ve Orman M\u00fcd\u00fcrl\u00fc\u011f\u00fc\u2019ne ba\u015fvurmas\u0131 gerekti\u011fi a\u00e7\u0131kland\u0131. Seydikemer \u0130l\u00e7e Tar\u0131m ve Orman M\u00fcd\u00fcrl\u00fc\u011f\u00fc, \u00fcreticilere y\u00f6nelik \u00f6nemli bir duyuru yapt\u0131. Tar\u0131msal Kalk\u0131nma ve E\u011fitim (TAKE) Projeleri kapsam\u0131nda, k\u0131\u015fl\u0131k sebze \u00fcretimi, son turfanda karpuz ve salatal\u0131k yeti\u015ftiricili\u011fi, yer f\u0131st\u0131\u011f\u0131 ve susam \u00fcretimi,&#8230;<\/p>\n","protected":false},"author":1,"featured_media":24483,"comment_status":"open","ping_status":"open","sticky":false,"template":"","format":"standard","meta":{"_crdt_document":"","footnotes":""},"categories":[125],"tags":[],"class_list":["post-24482","post","type-post","status-publish","format-standard","has-post-thumbnail","hentry","category-ekonomi"],"_links":{"self":[{"href":"https:\/\/www.egemtv.com\/index.php?rest_route=\/wp\/v2\/posts\/24482","targetHints":{"allow":["GET"]}}],"collection":[{"href":"https:\/\/www.egemtv.com\/index.php?rest_route=\/wp\/v2\/posts"}],"about":[{"href":"https:\/\/www.egemtv.com\/index.php?rest_route=\/wp\/v2\/types\/post"}],"author":[{"embeddable":true,"href":"https:\/\/www.egemtv.com\/index.php?rest_route=\/wp\/v2\/users\/1"}],"replies":[{"embeddable":true,"href":"https:\/\/www.egemtv.com\/index.php?rest_route=%2Fwp%2Fv2%2Fcomments&post=24482"}],"version-history":[{"count":1,"href":"https:\/\/www.egemtv.com\/index.php?rest_route=\/wp\/v2\/posts\/24482\/revisions"}],"predecessor-version":[{"id":24484,"href":"https:\/\/www.egemtv.com\/index.php?rest_route=\/wp\/v2\/posts\/24482\/revisions\/24484"}],"wp:featuredmedia":[{"embeddable":true,"href":"https:\/\/www.egemtv.com\/index.php?rest_route=\/wp\/v2\/media\/24483"}],"wp:attachment":[{"href":"https:\/\/www.egemtv.com\/index.php?rest_route=%2Fwp%2Fv2%2Fmedia&parent=24482"}],"wp:term":[{"taxonomy":"category","embeddable":true,"href":"https:\/\/www.egemtv.com\/index.php?rest_route=%2Fwp%2Fv2%2Fcategories&post=24482"},{"taxonomy":"post_tag","embeddable":true,"href":"https:\/\/www.egemtv.com\/index.php?rest_route=%2Fwp%2Fv2%2Ftags&post=24482"}],"curies":[{"name":"wp","href":"https:\/\/api.w.org\/{rel}","templated":true}]}}