{"id":2448,"date":"2025-01-03T15:30:20","date_gmt":"2025-01-03T12:30:20","guid":{"rendered":"https:\/\/www.egemtv.com\/?p=2448"},"modified":"2025-01-03T15:30:24","modified_gmt":"2025-01-03T12:30:24","slug":"aydinda-son-1-ayda-23-bin-arac-cezadan-kacamadi","status":"publish","type":"post","link":"https:\/\/www.egemtv.com\/?p=2448","title":{"rendered":"Ayd\u0131n\u2019da son 1 ayda 23 bin ara\u00e7 cezadan ka\u00e7amad\u0131"},"content":{"rendered":"<p>Ayd\u0131n\u2019da Aral\u0131k ay\u0131nda trafik kurallar\u0131na uymayan 23 bin 82 s\u00fcr\u00fcc\u00fc cezadan ka\u00e7amazken, meydana gelen kazalarda 4 ki\u015fi hayat\u0131n\u0131 kaybetti.<\/p>\n<p>Ayd\u0131n\u2019da trafik g\u00fcvenli\u011finin art\u0131r\u0131lmas\u0131na y\u00f6nelik \u00e7al\u0131\u015fmalar aral\u0131ks\u0131z devam ederken, 2024 y\u0131l\u0131 Aral\u0131k ay\u0131 i\u00e7erisinde yap\u0131lan denetimlerde toplam 150 bin 156 ara\u00e7 kontrol edildi. Yap\u0131lan denetimlerde trafik kurallar\u0131na uymad\u0131\u011f\u0131 tespit edilen 23 bin 82 araca i\u015flem yap\u0131ld\u0131. Aral\u0131k ay\u0131nda meydana gelen 650 trafik kazas\u0131nda ise 4 ki\u015fi hayat\u0131n\u0131 kaybetti.<\/p>\n<p>Konu ile ilgili Ayd\u0131n Valili\u011fi taraf\u0131ndan yap\u0131lan a\u00e7\u0131klamada \u201cTrafik g\u00fcvenli\u011finin art\u0131r\u0131lmas\u0131 ve korunmas\u0131 i\u00e7in Valili\u011fimizin g\u00f6zetim ve denetiminde \u0130l Emniyet M\u00fcd\u00fcrl\u00fc\u011f\u00fc ve \u0130l Jandarma Komutanl\u0131\u011f\u0131na ba\u011fl\u0131 trafik ekipleri taraf\u0131ndan 2024 y\u0131l\u0131 Aral\u0131k ay\u0131 i\u00e7erisinde toplam 150 bin 156 ara\u00e7 kontrol edilmi\u015f, 23 bin 82 araca i\u015flem yap\u0131lm\u0131\u015ft\u0131r. Al\u0131nan \u00f6nlemlere ra\u011fmen, trafik kurallar\u0131na uyulmamas\u0131 nedeniyle 2024 Aral\u0131k ay\u0131 i\u00e7erisinde ilimiz s\u0131n\u0131rlar\u0131nda toplam 276 maddi hasarl\u0131, 370 yaralamal\u0131 ve 4 \u00f6l\u00fcml\u00fc olmak \u00fczere toplam 650 trafik kazas\u0131 meydana gelmi\u015ftir. Bu kazalarda toplam 498 vatanda\u015f\u0131m\u0131z yaralanm\u0131\u015f, 4 vatanda\u015f\u0131m\u0131z maalesef hayat\u0131n\u0131 kaybetmi\u015ftir. Valili\u011fimizce, ilimizde trafik g\u00fcvenli\u011fi ve vatanda\u015flar\u0131m\u0131z\u0131n can ve mal emniyetinin daha etkin sa\u011flanmas\u0131na y\u00f6nelik olarak al\u0131nan t\u00fcm tedbirler artt\u0131r\u0131larak ayn\u0131 kararl\u0131l\u0131kla ve gayretle s\u00fcrd\u00fcr\u00fclecektir. Trafik kurallar\u0131na uyan, trafik d\u00fczeninin sa\u011flanmas\u0131na ilgi ve destekleriyle katk\u0131 sa\u011flayan de\u011ferli vatanda\u015flar\u0131m\u0131za te\u015fekk\u00fcr ediyoruz. Trafik kazalar\u0131n\u0131n azalmas\u0131 i\u00e7in s\u00fcr\u00fcc\u00fc ve vatanda\u015flar\u0131m\u0131z\u0131n da daha duyarl\u0131 olmalar\u0131, \u00f6zellikle hatal\u0131 \u015ferit de\u011fi\u015ftirmemeleri, alkoll\u00fc ara\u00e7 kullanmamalar\u0131, kural ihlali yapanlar\u0131n ise 112 nolu Acil \u00c7a\u011fr\u0131 Merkezi telefonuna ihbar edilmeleri hususlar\u0131nda vatanda\u015flar\u0131m\u0131z\u0131n bilgisine, desteklerine b\u00fcy\u00fck ihtiya\u00e7 vard\u0131r\u201d ifadeleri yer ald\u0131.<br \/>\n<br \/><div id='gallery-1' class='gallery galleryid-2448 gallery-columns-3 gallery-size-thumbnail'><figure class='gallery-item'>\n\t\t\t<div class='gallery-icon landscape'>\n\t\t\t\t<a href='https:\/\/www.egemtv.com\/?attachment_id=2450'><img decoding=\"async\" width=\"150\" height=\"150\" src=\"https:\/\/www.egemtv.com\/wp-content\/uploads\/2025\/01\/aydinda-son-1-ayda-23-bin-arac-cezadan-kacamadi_791643721a6a-150x150.jpg\" class=\"attachment-thumbnail size-thumbnail not-transparent\" alt=\"\" data-has-transparency=\"false\" data-dominant-color=\"989994\" style=\"--dominant-color: #989994;\" \/><\/a>\n\t\t\t<\/div><\/figure>\n\t\t<\/div>\n<\/p>\n","protected":false},"excerpt":{"rendered":"<p>Ayd\u0131n\u2019da Aral\u0131k ay\u0131nda trafik kurallar\u0131na uymayan 23 bin 82 s\u00fcr\u00fcc\u00fc cezadan ka\u00e7amazken, meydana gelen kazalarda 4 ki\u015fi hayat\u0131n\u0131 kaybetti. Ayd\u0131n\u2019da trafik g\u00fcvenli\u011finin art\u0131r\u0131lmas\u0131na y\u00f6nelik \u00e7al\u0131\u015fmalar aral\u0131ks\u0131z devam ederken, 2024 y\u0131l\u0131 Aral\u0131k ay\u0131 i\u00e7erisinde yap\u0131lan denetimlerde toplam 150 bin 156 ara\u00e7 kontrol edildi. Yap\u0131lan denetimlerde trafik kurallar\u0131na uymad\u0131\u011f\u0131 tespit edilen 23 bin 82 araca i\u015flem yap\u0131ld\u0131&#8230;.<\/p>\n","protected":false},"author":1,"featured_media":2449,"comment_status":"open","ping_status":"open","sticky":false,"template":"","format":"standard","meta":{"_crdt_document":"","footnotes":""},"categories":[5],"tags":[],"class_list":["post-2448","post","type-post","status-publish","format-standard","has-post-thumbnail","hentry","category-asayis"],"_links":{"self":[{"href":"https:\/\/www.egemtv.com\/index.php?rest_route=\/wp\/v2\/posts\/2448","targetHints":{"allow":["GET"]}}],"collection":[{"href":"https:\/\/www.egemtv.com\/index.php?rest_route=\/wp\/v2\/posts"}],"about":[{"href":"https:\/\/www.egemtv.com\/index.php?rest_route=\/wp\/v2\/types\/post"}],"author":[{"embeddable":true,"href":"https:\/\/www.egemtv.com\/index.php?rest_route=\/wp\/v2\/users\/1"}],"replies":[{"embeddable":true,"href":"https:\/\/www.egemtv.com\/index.php?rest_route=%2Fwp%2Fv2%2Fcomments&post=2448"}],"version-history":[{"count":1,"href":"https:\/\/www.egemtv.com\/index.php?rest_route=\/wp\/v2\/posts\/2448\/revisions"}],"predecessor-version":[{"id":2451,"href":"https:\/\/www.egemtv.com\/index.php?rest_route=\/wp\/v2\/posts\/2448\/revisions\/2451"}],"wp:featuredmedia":[{"embeddable":true,"href":"https:\/\/www.egemtv.com\/index.php?rest_route=\/wp\/v2\/media\/2449"}],"wp:attachment":[{"href":"https:\/\/www.egemtv.com\/index.php?rest_route=%2Fwp%2Fv2%2Fmedia&parent=2448"}],"wp:term":[{"taxonomy":"category","embeddable":true,"href":"https:\/\/www.egemtv.com\/index.php?rest_route=%2Fwp%2Fv2%2Fcategories&post=2448"},{"taxonomy":"post_tag","embeddable":true,"href":"https:\/\/www.egemtv.com\/index.php?rest_route=%2Fwp%2Fv2%2Ftags&post=2448"}],"curies":[{"name":"wp","href":"https:\/\/api.w.org\/{rel}","templated":true}]}}