{"id":24479,"date":"2025-03-07T11:28:12","date_gmt":"2025-03-07T08:28:12","guid":{"rendered":"https:\/\/www.egemtv.com\/?p=24479"},"modified":"2025-03-07T11:28:18","modified_gmt":"2025-03-07T08:28:18","slug":"alevlerin-arasindan-kurtarilan-ana-ogul-evsiz-kaldi","status":"publish","type":"post","link":"https:\/\/www.egemtv.com\/?p=24479","title":{"rendered":"Alevlerin aras\u0131ndan kurtar\u0131lan ana o\u011ful evsiz kald\u0131"},"content":{"rendered":"<p>Denizli\u2019nin Pamukkale il\u00e7esinde \u00e7\u0131kan yang\u0131nda alevlerin aras\u0131nda kalen anne ve otizmli o\u011flu, yanan binaya giren bir gen\u00e7 taraf\u0131ndan kurtar\u0131ld\u0131. Evleri kullan\u0131lamaz hale gelen aileye kom\u015fular\u0131 sahip \u00e7\u0131kt\u0131.<\/p>\n<p>Edinilen bilgiye g\u00f6re; Pamukkale il\u00e7esine ba\u011fl\u0131 Yunusemre Mahallesi 6407 Sokakta bulunan 4 katl\u0131 apartman\u0131n ikinci kat\u0131ndaki dairede hen\u00fcz belirlenemeyen bir nedenle yang\u0131n \u00e7\u0131kt\u0131. Evden y\u00fckselen dumanlar\u0131 fark eden mahalle sakinlerinin 112 Acil \u00c7a\u011fr\u0131 Merkezine yapt\u0131\u011f\u0131 ihbar \u00fczerine olay yerine itfaiye, polis ve sa\u011fl\u0131k ekipleri sevk edildi.<\/p>\n<p>O\u011flunu kurtarmaya \u00e7al\u0131\u015fan annenin imdad\u0131na bir ge\u00e7 yeti\u015fti<br \/>\n<br \/>Yang\u0131n\u0131n ba\u015flamas\u0131n\u0131n ard\u0131ndan 10 ya\u015f\u0131ndaki otizmli o\u011flu Mehmet \u00dcnl\u00fc\u2019y\u00fc kurtarmak i\u00e7in b\u00fcy\u00fck \u00e7aba harcayan 54 ya\u015f\u0131ndaki anne Huriye Geyik \u00dcnl\u00fc, korkuya kap\u0131lan \u00e7ocu\u011funu d\u0131\u015far\u0131ya \u00e7\u0131kmaya ikna edemedi. Bu esnada \u0131slak bir battaniyeyle yanan daireye giren gen\u00e7, balkona \u00e7\u0131kan \u00e7ocu\u011fu kucaklayarak d\u0131\u015far\u0131ya \u00e7\u0131karmay\u0131 ba\u015fard\u0131. Yang\u0131nda dumandan etkilenen anne ve otizmli o\u011flu, sa\u011fl\u0131k ekipleri taraf\u0131ndan yap\u0131lan ilk m\u00fcdahalelerinin ar\u0131ndan ambulansla Denizli Devlet Hastanesine kald\u0131r\u0131ld\u0131. Ayakta tedavileri yap\u0131lan anne o\u011ful taburcu edildi.<\/p>\n<p>Denizli B\u00fcy\u00fck\u015fehir Belediyesi \u0130tfaiye Daire Ba\u015fkanl\u0131\u011f\u0131 ekipleri taraf\u0131ndan s\u00f6nd\u00fcr\u00fclen yang\u0131n\u0131n ard\u0131ndan ev kullan\u0131lamaz hale geldi. Evsiz kalan aileye sahip \u00e7\u0131kan kom\u015fular\u0131, evde olu\u015fan zarar\u0131n giderilmesi i\u00e7in de yard\u0131m kampanyas\u0131 ba\u015flatt\u0131.<\/p>\n<p>&#8220;Gelen sesin ard\u0131ndan yang\u0131n ba\u015flad\u0131&#8221;<br \/>\n<br \/>Yanan binaya girerek o\u011flunu kurtaran gence te\u015fekk\u00fcr eden anne Huriye Geyik \u00dcnl\u00fc, &#8220;Ben ev i\u015flerini yaparken oturma odas\u0131ndan bir se \u00e7\u0131kt\u0131 ve sonras\u0131nda yang\u0131n ba\u015flad\u0131\u011f\u0131n\u0131 g\u00f6rd\u00fcm. Otizmli o\u011flumu evden \u00e7\u0131karmaya \u00e7al\u0131\u015f\u0131rken, elimi b\u0131rak\u0131p ka\u00e7t\u0131. Yatak odas\u0131n\u0131n balkonuna gitti. Bu esnada gen\u00e7 birisi elindeki \u0131slak battaniyeyle onu kucaklayarak d\u0131\u015far\u0131ya \u00e7\u0131kartt\u0131. Yang\u0131nda evimiz kullan\u0131lamayacak hale geldi&#8221; dedi.<br \/><\/p>\n","protected":false},"excerpt":{"rendered":"<p>Denizli\u2019nin Pamukkale il\u00e7esinde \u00e7\u0131kan yang\u0131nda alevlerin aras\u0131nda kalen anne ve otizmli o\u011flu, yanan binaya giren bir gen\u00e7 taraf\u0131ndan kurtar\u0131ld\u0131. Evleri kullan\u0131lamaz hale gelen aileye kom\u015fular\u0131 sahip \u00e7\u0131kt\u0131. Edinilen bilgiye g\u00f6re; Pamukkale il\u00e7esine ba\u011fl\u0131 Yunusemre Mahallesi 6407 Sokakta bulunan 4 katl\u0131 apartman\u0131n ikinci kat\u0131ndaki dairede hen\u00fcz belirlenemeyen bir nedenle yang\u0131n \u00e7\u0131kt\u0131. Evden y\u00fckselen dumanlar\u0131 fark eden&#8230;<\/p>\n","protected":false},"author":1,"featured_media":24480,"comment_status":"open","ping_status":"open","sticky":false,"template":"","format":"standard","meta":{"_crdt_document":"","footnotes":""},"categories":[5],"tags":[],"class_list":["post-24479","post","type-post","status-publish","format-standard","has-post-thumbnail","hentry","category-asayis"],"_links":{"self":[{"href":"https:\/\/www.egemtv.com\/index.php?rest_route=\/wp\/v2\/posts\/24479","targetHints":{"allow":["GET"]}}],"collection":[{"href":"https:\/\/www.egemtv.com\/index.php?rest_route=\/wp\/v2\/posts"}],"about":[{"href":"https:\/\/www.egemtv.com\/index.php?rest_route=\/wp\/v2\/types\/post"}],"author":[{"embeddable":true,"href":"https:\/\/www.egemtv.com\/index.php?rest_route=\/wp\/v2\/users\/1"}],"replies":[{"embeddable":true,"href":"https:\/\/www.egemtv.com\/index.php?rest_route=%2Fwp%2Fv2%2Fcomments&post=24479"}],"version-history":[{"count":1,"href":"https:\/\/www.egemtv.com\/index.php?rest_route=\/wp\/v2\/posts\/24479\/revisions"}],"predecessor-version":[{"id":24481,"href":"https:\/\/www.egemtv.com\/index.php?rest_route=\/wp\/v2\/posts\/24479\/revisions\/24481"}],"wp:featuredmedia":[{"embeddable":true,"href":"https:\/\/www.egemtv.com\/index.php?rest_route=\/wp\/v2\/media\/24480"}],"wp:attachment":[{"href":"https:\/\/www.egemtv.com\/index.php?rest_route=%2Fwp%2Fv2%2Fmedia&parent=24479"}],"wp:term":[{"taxonomy":"category","embeddable":true,"href":"https:\/\/www.egemtv.com\/index.php?rest_route=%2Fwp%2Fv2%2Fcategories&post=24479"},{"taxonomy":"post_tag","embeddable":true,"href":"https:\/\/www.egemtv.com\/index.php?rest_route=%2Fwp%2Fv2%2Ftags&post=24479"}],"curies":[{"name":"wp","href":"https:\/\/api.w.org\/{rel}","templated":true}]}}