{"id":24476,"date":"2025-03-07T11:28:05","date_gmt":"2025-03-07T08:28:05","guid":{"rendered":"https:\/\/www.egemtv.com\/?p=24476"},"modified":"2025-03-07T11:28:12","modified_gmt":"2025-03-07T08:28:12","slug":"sarigolde-yazar-ve-ogrenci-bulusmalari-devam-ediyor","status":"publish","type":"post","link":"https:\/\/www.egemtv.com\/?p=24476","title":{"rendered":"Sar\u0131g\u00f6l\u2019de yazar ve \u00f6\u011frenci bulu\u015fmalar\u0131 devam ediyor"},"content":{"rendered":"<p>\u0130zmir Sar\u0131g\u00f6ll\u00fcler K\u00fclt\u00fcr ve Dayan\u0131\u015fma Derne\u011fi taraf\u0131ndan yazar-\u00f6\u011frenci bulu\u015fmas\u0131n\u0131n be\u015fincisi Sar\u0131g\u00f6l Karacaali Ortaokulunda ger\u00e7ekle\u015ftirildi.<br \/>\n<br \/>\u2019Koca Seyit\u2019 adl\u0131 kitab\u0131n yazar\u0131 Vicdan Efe ile \u00f6\u011frencileri bulu\u015fturan \u0130zmir Sar\u0131g\u00f6ll\u00fcler K\u00fclt\u00fcr ve Dayan\u0131\u015fma Derne\u011fi Ba\u015fkan\u0131   Halil Y\u0131ld\u0131r\u0131m, &#8220;\u0130zmir Sar\u0131g\u00f6ll\u00fcler K\u00fclt\u00fcr ve Dayan\u0131\u015fma Derne\u011fi olarak Sar\u0131g\u00f6ll\u00fc \u00f6\u011frencilerimiz i\u00e7in d\u00fczenledi\u011fimiz yazar \u00f6\u011frenci bulu\u015fmas\u0131n\u0131n be\u015fincisini il\u00e7emiz Karacaali Ortaokulunda ger\u00e7ekle\u015ftirdik. Okul idaresinden, velilerden, \u00f6\u011fretmenlerimizden ve \u00f6\u011frencilerimizden okuduklar\u0131 \u2019Koca Seyit\u2019 adl\u0131 hikayeden olumlu d\u00f6n\u00fc\u015f\u00fcmler ald\u0131m ve bu bizleri mutlu etti. \u0130l\u00e7emiz \u00f6\u011frencileri i\u00e7in k\u00fclt\u00fcrlerinin geli\u015fmesi i\u00e7in bu t\u00fcr etkinliklerimiz devam edecek.&#8221; dedi.<br \/>\n<br \/>Sar\u0131g\u00f6l Karacaali Ortaokulunda Koca Seyit hikaye kitab\u0131 yazar\u0131 Vicdan Efe ile \u00f6\u011frenciler aras\u0131nda s\u00f6yle\u015fi yap\u0131ld\u0131. Kitab\u0131n yazar\u0131 Vicdan Efe, &#8220;\u0130zmir Sar\u0131g\u00f6ll\u00fcler K\u00fclt\u00fcr ve Dayan\u0131\u015fma Derne\u011fi \u00f6nc\u00fcl\u00fc\u011f\u00fcnde yazar \u00f6\u011frenci bulu\u015fmas\u0131 \u00e7ok etkili olmakta. \u00d6\u011frenciler okudu\u011fu kitap ile yazar\u0131n\u0131 kar\u015f\u0131lar\u0131nda g\u00f6r\u00fcyor. Kafas\u0131na tak\u0131lan konuyu sorup merak\u0131n\u0131 gideriyor ve bu \u00f6\u011frencide kal\u0131c\u0131 oluyor. S\u00f6yle\u015fi olumlu ge\u00e7ti. Dernek ba\u015fkan\u0131na ve y\u00f6netim kuruluna te\u015fekk\u00fcr ederim.&#8221; diye konu\u015ftu.<br \/><\/p>\n","protected":false},"excerpt":{"rendered":"<p>\u0130zmir Sar\u0131g\u00f6ll\u00fcler K\u00fclt\u00fcr ve Dayan\u0131\u015fma Derne\u011fi taraf\u0131ndan yazar-\u00f6\u011frenci bulu\u015fmas\u0131n\u0131n be\u015fincisi Sar\u0131g\u00f6l Karacaali Ortaokulunda ger\u00e7ekle\u015ftirildi. \u2019Koca Seyit\u2019 adl\u0131 kitab\u0131n yazar\u0131 Vicdan Efe ile \u00f6\u011frencileri bulu\u015fturan \u0130zmir Sar\u0131g\u00f6ll\u00fcler K\u00fclt\u00fcr ve Dayan\u0131\u015fma Derne\u011fi Ba\u015fkan\u0131 Halil Y\u0131ld\u0131r\u0131m, &#8220;\u0130zmir Sar\u0131g\u00f6ll\u00fcler K\u00fclt\u00fcr ve Dayan\u0131\u015fma Derne\u011fi olarak Sar\u0131g\u00f6ll\u00fc \u00f6\u011frencilerimiz i\u00e7in d\u00fczenledi\u011fimiz yazar \u00f6\u011frenci bulu\u015fmas\u0131n\u0131n be\u015fincisini il\u00e7emiz Karacaali Ortaokulunda ger\u00e7ekle\u015ftirdik. Okul idaresinden, velilerden,&#8230;<\/p>\n","protected":false},"author":1,"featured_media":24477,"comment_status":"open","ping_status":"open","sticky":false,"template":"","format":"standard","meta":{"_crdt_document":"","footnotes":""},"categories":[1],"tags":[],"class_list":["post-24476","post","type-post","status-publish","format-standard","has-post-thumbnail","hentry","category-guncel"],"_links":{"self":[{"href":"https:\/\/www.egemtv.com\/index.php?rest_route=\/wp\/v2\/posts\/24476","targetHints":{"allow":["GET"]}}],"collection":[{"href":"https:\/\/www.egemtv.com\/index.php?rest_route=\/wp\/v2\/posts"}],"about":[{"href":"https:\/\/www.egemtv.com\/index.php?rest_route=\/wp\/v2\/types\/post"}],"author":[{"embeddable":true,"href":"https:\/\/www.egemtv.com\/index.php?rest_route=\/wp\/v2\/users\/1"}],"replies":[{"embeddable":true,"href":"https:\/\/www.egemtv.com\/index.php?rest_route=%2Fwp%2Fv2%2Fcomments&post=24476"}],"version-history":[{"count":1,"href":"https:\/\/www.egemtv.com\/index.php?rest_route=\/wp\/v2\/posts\/24476\/revisions"}],"predecessor-version":[{"id":24478,"href":"https:\/\/www.egemtv.com\/index.php?rest_route=\/wp\/v2\/posts\/24476\/revisions\/24478"}],"wp:featuredmedia":[{"embeddable":true,"href":"https:\/\/www.egemtv.com\/index.php?rest_route=\/wp\/v2\/media\/24477"}],"wp:attachment":[{"href":"https:\/\/www.egemtv.com\/index.php?rest_route=%2Fwp%2Fv2%2Fmedia&parent=24476"}],"wp:term":[{"taxonomy":"category","embeddable":true,"href":"https:\/\/www.egemtv.com\/index.php?rest_route=%2Fwp%2Fv2%2Fcategories&post=24476"},{"taxonomy":"post_tag","embeddable":true,"href":"https:\/\/www.egemtv.com\/index.php?rest_route=%2Fwp%2Fv2%2Ftags&post=24476"}],"curies":[{"name":"wp","href":"https:\/\/api.w.org\/{rel}","templated":true}]}}