{"id":24473,"date":"2025-03-07T11:06:19","date_gmt":"2025-03-07T08:06:19","guid":{"rendered":"https:\/\/www.egemtv.com\/?p=24473"},"modified":"2025-03-07T11:06:23","modified_gmt":"2025-03-07T08:06:23","slug":"basarilariyla-ilham-oldular","status":"publish","type":"post","link":"https:\/\/www.egemtv.com\/?p=24473","title":{"rendered":"Ba\u015far\u0131lar\u0131yla ilham oldular"},"content":{"rendered":"<p>Medicana International \u0130zmir Hastanesi, 8 Mart D\u00fcnya Kad\u0131nlar G\u00fcn\u00fc\u2019nde \u2018\u0130lham Veren Kad\u0131nlar\u2019 s\u00f6yle\u015fisine ev sahipli\u011fi yapt\u0131. S\u00f6yle\u015finin konu\u015fmac\u0131lar\u0131, milli s\u00f6rf\u00e7\u00fc \u00c7a\u011fla Kubat, \u00fcnl\u00fc bir otelin Genel M\u00fcd\u00fcr\u00fc Sevil G\u00f6rg\u00fcl\u00fc ve ultra maraton y\u00fcz\u00fcc\u00fcs\u00fc Bengisu Avc\u0131 oldu.<br \/>\n<br \/>8 Mart D\u00fcnya Kad\u0131nlar G\u00fcn\u00fc kapsam\u0131nda Medicana International \u0130zmir Hastanesi\u2019nde #SeninSayende etiketiyle \u2018\u0130lham Veren Kad\u0131nlar\u2019 s\u00f6yle\u015fisi ger\u00e7ekle\u015ftirildi. Moderat\u00f6rl\u00fc\u011f\u00fcn\u00fc gazeteci Banu \u015een\u2019in \u00fcstlendi\u011fi etkinlikte, spor ve i\u015f d\u00fcnyas\u0131nda \u00f6nemli ba\u015far\u0131lar elde eden \u00fc\u00e7 ilham verici kad\u0131n konu\u015fmac\u0131 olarak yer ald\u0131. Milli s\u00f6rf\u00e7\u00fc \u00c7a\u011fla Kubat, ultra maraton y\u00fcz\u00fcc\u00fcs\u00fc Bengisu Avc\u0131 ve \u00fcnl\u00fc bir otelin Genel M\u00fcd\u00fcr\u00fc Sevil G\u00f6rg\u00fcl\u00fc, kad\u0131nlar\u0131n i\u015f ve spor d\u00fcnyas\u0131ndaki yeri, kar\u015f\u0131la\u015ft\u0131klar\u0131 zorluklar, ba\u015far\u0131 hik\u00e2yeleri ve gelecek hedefleriyle ilgili konu\u015ftu.<\/p>\n<p>\u00c7a\u011fla Kubat: &#8220;Ak\u0131\u015fa uyum sa\u011flamakta do\u011fal olarak yetenekliyiz&#8221;<br \/>\n<br \/>Milli s\u00f6rf\u00e7\u00fc ve antren\u00f6r \u00c7a\u011fla Kubat, y\u0131llard\u0131r Ala\u00e7at\u0131\u2019daki kul\u00fcb\u00fcnde hem gen\u00e7 yetenekleri yeti\u015ftirdi\u011fini hem de uluslararas\u0131 \u015fampiyonalara ev sahipli\u011fi yapt\u0131\u011f\u0131n\u0131 belirtti. Winds\u00f6rf sporunda kad\u0131n-erkek ayr\u0131m\u0131 yapmad\u0131klar\u0131n\u0131, hatta kad\u0131n sporcular\u0131n baz\u0131 konularda erkeklerden daha ba\u015far\u0131l\u0131 olabildi\u011fini s\u00f6yledi. &#8220;Erkeklerde fiziksel g\u00fc\u00e7 avantaj\u0131 olabilir, ancak kad\u0131nlar ak\u0131\u015fa uyum sa\u011flama konusunda daha yetenekli. R\u00fczgar\u0131 do\u011fru s\u00f6rf yapmay\u0131 \u00f6\u011frenen sporcular, g\u00fc\u00e7ten daha fazlas\u0131na sahip oluyor&#8221; diyen Kubat, sporun uzun vadeli bir kariyer ve ya\u015fam tarz\u0131 oldu\u011funu vurgulad\u0131. Gelecek hedeflerinden bahsederken, Ala\u00e7at\u0131\u2019da sporcular i\u00e7in daha fazla imkan sunmak ad\u0131na tesislerini geni\u015fletmek ve olimpiyatlara sporcu g\u00f6ndermek istedi\u011fini ifade etti.<\/p>\n<p>G\u00f6rg\u00fcl\u00fc: &#8220;Kanserle m\u00fccadelemde bir an bile pes etmedim&#8221;<br \/>\n<br \/>34 y\u0131ll\u0131k turizm tecr\u00fcbesiyle konu\u015fan \u00fcnl\u00fc bir otelin Genel M\u00fcd\u00fcr\u00fc Sevil G\u00f6rg\u00fcl\u00fc, sekt\u00f6r\u00fcn erkek egemen yap\u0131s\u0131na ra\u011fmen kendini kan\u0131tlad\u0131\u011f\u0131n\u0131 s\u00f6yleyerek, kad\u0131nlar\u0131n i\u015f d\u00fcnyas\u0131nda g\u00fc\u00e7l\u00fc bir yer edinmesi gerekti\u011fini vurgulad\u0131. Sevil G\u00f6rg\u00fcl\u00fc, &#8220;Turizmde kad\u0131n olmak zor ama imkans\u0131z de\u011fil. Kendinize g\u00fcvendi\u011finizde ve y\u0131lmadan \u00e7al\u0131\u015ft\u0131\u011f\u0131n\u0131zda \u00f6n\u00fcn\u00fczde hi\u00e7bir engel duramaz&#8221; dedi. Meslek hayat\u0131nda edindi\u011fi tecr\u00fcbeleri payla\u015farak bir\u00e7ok y\u00f6netici yeti\u015ftirdi\u011fini ve bu payla\u015f\u0131m\u0131n \u00f6nemine inand\u0131\u011f\u0131n\u0131 s\u00f6yleyen Sevil G\u00f6rg\u00fcl\u00fc, 7 y\u0131l s\u00fcren kanser m\u00fccadelesini ise \u015f\u00f6yle \u00f6zetledi: &#8220;Kanser te\u015fhisi kondu\u011funda birka\u00e7 ayl\u0131k \u00f6mr\u00fcm oldu\u011fu s\u00f6yleniyordu. Ancak ben pes etmedim. Kendimi iyile\u015fmeye adad\u0131m. 4 kez n\u00fcksetti, 58 k\u00fcr kemoterapi ald\u0131m. \u00c7ok say\u0131da irili ufakl\u0131 operasyon ge\u00e7irdim. Ancak y\u0131lmad\u0131m ve iyile\u015ftim. Kad\u0131nlar hastaland\u0131\u011f\u0131nda eve kapanmay\u0131 tercih ediyor. Ben i\u015fime ara vermedim, tedavi boyunca i\u015fe gittim. Kemoterapiye giderken \u2018Kemo-tropi\u2019ye gidiyorum\u2019 dedim ve makyaj\u0131m\u0131 yap\u0131p s\u00fcslenerek gittim. Kanserden korkmayacaks\u0131n\u0131z. \u00d6fke, k\u0131zg\u0131nl\u0131k ve su\u00e7luluk duygular\u0131n\u0131 hayat\u0131n\u0131zdan \u00e7\u0131kar\u0131p, iyile\u015fece\u011finize inanman\u0131z gerekiyor. Y\u0131llar i\u00e7inde olu\u015fan tecr\u00fcbelerimi \u2018Pes Etmek Yok\u2019 adl\u0131 kitab\u0131mda toplad\u0131m. Kitab\u0131n geliri de K\u0130TVAK\u2019a ba\u011f\u0131\u015flan\u0131yor.&#8221;<\/p>\n<p>Bengisu Avc\u0131: &#8220;Birbirimize destek verdik\u00e7e ba\u015far\u0131lar\u0131m\u0131z b\u00fcy\u00fcyor&#8221;<br \/>\n<br \/>Ultra maraton y\u00fcz\u00fcc\u00fcs\u00fc Bengisu Avc\u0131, a\u00e7\u0131k sularda verdi\u011fi m\u00fccadeleyi ve kad\u0131n sporcular\u0131n cesaretiyle neleri ba\u015farabilece\u011fini anlatt\u0131. Bengisu Avc\u0131, 2017\u2019den \u00f6nce havuzda y\u00fczerken, hedeflerini b\u00fcy\u00fcterek a\u00e7\u0131k su y\u00fczmesine ge\u00e7ti\u011fini ve Man\u015f Denizi\u2019ni ge\u00e7erek T\u00fcrkiye\u2019de bu alandaki kad\u0131n sporculara \u00f6nc\u00fcl\u00fck etti\u011fini ifade etti. &#8220;Kad\u0131nlar olarak birbirimize destek verdik\u00e7e, birbirimizden ilham ald\u0131k\u00e7a yeni ba\u015far\u0131lara imza at\u0131yoruz&#8221; diyen Bengisu Avc\u0131, \u015fu ana kadar 5 b\u00fcy\u00fck parkuru ge\u00e7ti\u011fini ve \u00f6n\u00fcndeki hedeflere ula\u015fmak i\u00e7in \u00e7al\u0131\u015fmalar\u0131na devam etti\u011fini s\u00f6yledi. A\u00e7\u0131k denizde kar\u015f\u0131la\u015ft\u0131\u011f\u0131 zorluklardan biri olan hipotermi nedeniyle baz\u0131 yar\u0131\u015flar\u0131 yar\u0131da b\u0131rakmak zorunda kald\u0131\u011f\u0131n\u0131 belirten Bengisu Avc\u0131, ancak pes etmeyerek ayn\u0131 parkuru ikinci kez denedi\u011fini ve ba\u015far\u0131l\u0131 oldu\u011funu vurgulad\u0131. Bengisu Avc\u0131, &#8220;Kad\u0131nlar olarak dayan\u0131kl\u0131y\u0131z, azimliyiz ve engellere kar\u015f\u0131 g\u00fc\u00e7l\u00fc durmal\u0131y\u0131z&#8221; diyerek, gelecek y\u0131llarda daha fazla T\u00fcrk kad\u0131n\u0131n\u0131n y\u00fczme yar\u0131\u015flar\u0131na kat\u0131ld\u0131\u011f\u0131n\u0131 g\u00f6rmek istedi\u011fini dile getirdi.<\/p>\n<p>Hikayelerini desteklemekten gurur duyuyoruz<br \/>\n<br \/>Etkinlik boyunca konu\u015fmac\u0131lar, deneyimleriyle kad\u0131nlara ilham verirken, spor ve i\u015f d\u00fcnyas\u0131nda kad\u0131nlar\u0131n daha fazla yer almas\u0131 i\u00e7in motivasyon dolu mesajlar verdi, kad\u0131nlar\u0131n birbirine destek olmas\u0131 gerekti\u011fi ve her alanda daha fazla temsil edilmesi gerekti\u011fi vurguland\u0131. Medicana International \u0130zmir Hastanesi Genel M\u00fcd\u00fcr\u00fc Dr. \u00d6\u011fretim \u00dcyesi Remzi Kar\u015f\u0131, kad\u0131nlar\u0131n ba\u015far\u0131 hik\u00e2yelerini desteklemekten gurur duyduklar\u0131n\u0131 belirtti.<br \/><\/p>\n","protected":false},"excerpt":{"rendered":"<p>Medicana International \u0130zmir Hastanesi, 8 Mart D\u00fcnya Kad\u0131nlar G\u00fcn\u00fc\u2019nde \u2018\u0130lham Veren Kad\u0131nlar\u2019 s\u00f6yle\u015fisine ev sahipli\u011fi yapt\u0131. S\u00f6yle\u015finin konu\u015fmac\u0131lar\u0131, milli s\u00f6rf\u00e7\u00fc \u00c7a\u011fla Kubat, \u00fcnl\u00fc bir otelin Genel M\u00fcd\u00fcr\u00fc Sevil G\u00f6rg\u00fcl\u00fc ve ultra maraton y\u00fcz\u00fcc\u00fcs\u00fc Bengisu Avc\u0131 oldu. 8 Mart D\u00fcnya Kad\u0131nlar G\u00fcn\u00fc kapsam\u0131nda Medicana International \u0130zmir Hastanesi\u2019nde #SeninSayende etiketiyle \u2018\u0130lham Veren Kad\u0131nlar\u2019 s\u00f6yle\u015fisi ger\u00e7ekle\u015ftirildi. Moderat\u00f6rl\u00fc\u011f\u00fcn\u00fc gazeteci&#8230;<\/p>\n","protected":false},"author":1,"featured_media":24474,"comment_status":"open","ping_status":"open","sticky":false,"template":"","format":"standard","meta":{"_crdt_document":"","footnotes":""},"categories":[2],"tags":[],"class_list":["post-24473","post","type-post","status-publish","format-standard","has-post-thumbnail","hentry","category-saglik"],"_links":{"self":[{"href":"https:\/\/www.egemtv.com\/index.php?rest_route=\/wp\/v2\/posts\/24473","targetHints":{"allow":["GET"]}}],"collection":[{"href":"https:\/\/www.egemtv.com\/index.php?rest_route=\/wp\/v2\/posts"}],"about":[{"href":"https:\/\/www.egemtv.com\/index.php?rest_route=\/wp\/v2\/types\/post"}],"author":[{"embeddable":true,"href":"https:\/\/www.egemtv.com\/index.php?rest_route=\/wp\/v2\/users\/1"}],"replies":[{"embeddable":true,"href":"https:\/\/www.egemtv.com\/index.php?rest_route=%2Fwp%2Fv2%2Fcomments&post=24473"}],"version-history":[{"count":1,"href":"https:\/\/www.egemtv.com\/index.php?rest_route=\/wp\/v2\/posts\/24473\/revisions"}],"predecessor-version":[{"id":24475,"href":"https:\/\/www.egemtv.com\/index.php?rest_route=\/wp\/v2\/posts\/24473\/revisions\/24475"}],"wp:featuredmedia":[{"embeddable":true,"href":"https:\/\/www.egemtv.com\/index.php?rest_route=\/wp\/v2\/media\/24474"}],"wp:attachment":[{"href":"https:\/\/www.egemtv.com\/index.php?rest_route=%2Fwp%2Fv2%2Fmedia&parent=24473"}],"wp:term":[{"taxonomy":"category","embeddable":true,"href":"https:\/\/www.egemtv.com\/index.php?rest_route=%2Fwp%2Fv2%2Fcategories&post=24473"},{"taxonomy":"post_tag","embeddable":true,"href":"https:\/\/www.egemtv.com\/index.php?rest_route=%2Fwp%2Fv2%2Ftags&post=24473"}],"curies":[{"name":"wp","href":"https:\/\/api.w.org\/{rel}","templated":true}]}}