{"id":24467,"date":"2025-03-07T10:51:31","date_gmt":"2025-03-07T07:51:31","guid":{"rendered":"https:\/\/www.egemtv.com\/?p=24467"},"modified":"2025-03-07T10:51:35","modified_gmt":"2025-03-07T07:51:35","slug":"izmirin-cesur-kadinlari-her-zorlugun-ustesinden-geliyor","status":"publish","type":"post","link":"https:\/\/www.egemtv.com\/?p=24467","title":{"rendered":"\u0130zmir\u2019in cesur kad\u0131nlar\u0131 her zorlu\u011fun \u00fcstesinden geliyor"},"content":{"rendered":"<p>\u0130zmir B\u00fcy\u00fck\u015fehir Belediyesi \u0130tfaiye Dairesi Ba\u015fkanl\u0131\u011f\u0131 b\u00fcnyesinde \u00e7al\u0131\u015fan kad\u0131nlar, t\u00fcm zorlu g\u00f6revlerin \u00fcstesinden ba\u015far\u0131 ile geliyor. Ba\u015far\u0131lar\u0131yla ilham veren kad\u0131nlardan 23 ya\u015f\u0131ndaki Ayet K\u00fct\u00fckta\u015f, 15 tonluk araz\u00f6z kullan\u0131yor. Okul \u00f6ncesi \u00f6\u011fretmeniyken baba mesle\u011fi itfaiyecili\u011fi tercih eden Hacer Akku\u015f ise 4 y\u0131ld\u0131r sahada ter d\u00f6k\u00fcyor. Sa\u011fl\u0131k personeli Asl\u0131s\u00fcsen Oskay da yaralananlara ilk m\u00fcdahaleyi yaparak \u015fifa da\u011f\u0131t\u0131yor.<br \/>\n<br \/>\u0130zmir B\u00fcy\u00fck\u015fehir Belediyesi \u0130tfaiye Dairesi Ba\u015fkanl\u0131\u011f\u0131, bir\u00e7ok cesur kad\u0131n\u0131 b\u00fcnyesinde bar\u0131nd\u0131r\u0131yor. Erkek meslekta\u015flar\u0131 ile omuz omuza vererek t\u00fcm zorlu g\u00f6revlerin \u00fcstesinden gelen kad\u0131nlar, bu alanda \u00e7al\u0131\u015fmak isteyen hemcinslerine ilham oluyor.<\/p>\n<p>\u00d6\u011fretmenli\u011fi b\u0131rak\u0131p itfaiyeci oldu<br \/>\n<br \/>11 y\u0131l boyunca \u00e7ocuk geli\u015fimi \u00f6\u011fretmenli\u011fi g\u00f6revini y\u00fcr\u00fcten itfaiye eri 35 ya\u015f\u0131ndaki Hacer Akku\u015f, babas\u0131 Erdal M\u0131s\u0131rl\u0131\u2019dan ilham ald\u0131. \u0130tfaiyeden emekli olan babas\u0131 nedeniyle bu mesle\u011fe g\u00f6n\u00fcl veren Hacer Akku\u015f, &#8220;Babam\u0131n g\u00f6rev sonras\u0131 her eve d\u00f6nd\u00fc\u011f\u00fcnde bize manevi olarak hissettirdi\u011fi duygu beni \u00e7ok etkiledi ve bu mesle\u011fe y\u00f6nelmemi sa\u011flad\u0131. Bu mesle\u011fin g\u00fczelli\u011fini, \u00f6nemini kelimelerle tarif etmek m\u00fcmk\u00fcn de\u011fil. Elimden geldi\u011fi kadar mesle\u011fime katk\u0131 sunmaya \u00e7al\u0131\u015f\u0131yorum. \u0130zmir \u0130tfaiyesi\u2019nde g\u00f6rev yap\u0131yor olmaktan dolay\u0131 \u00e7ok mutluyum&#8221; diye konu\u015ftu.<\/p>\n<p>&#8220;Kad\u0131nlar her alanda fazlas\u0131yla g\u00fc\u00e7l\u00fc&#8221;<br \/>\n<br \/>Erkek meslekta\u015flar\u0131 ile omuz omuza \u00e7al\u0131\u015fman\u0131n gurur verici oldu\u011funu, birbirlerinden \u00f6\u011frendikleri \u00e7ok \u015feyin bulundu\u011funu anlatan Akku\u015f, \u015funlar\u0131 s\u00f6yledi: &#8220;Erkek meslekta\u015flar\u0131m, e\u015fim \u00e7ok destek oluyor. E\u015fim yapt\u0131\u011f\u0131m meslekten dolay\u0131 benimle gurur duyuyor. Onun deste\u011fini almak, beni daha da motive ediyor. Beden g\u00fcc\u00fc gerektiren meslekleri sadece erkeklerin yapabilece\u011fine inanan bir toplumda ya\u015f\u0131yoruz. Ama g\u00f6r\u00fcyorsunuz ki kad\u0131nlar da her alanda fazlas\u0131yla g\u00fc\u00e7l\u00fc. Kad\u0131nlar olarak her alanda var\u0131z, var olaca\u011f\u0131z. Korkmadan, \u00e7ekinmeden meslek tercihlerini yapmal\u0131y\u0131z. Hi\u00e7bir meslek hi\u00e7bir kad\u0131n\u0131 korkutmas\u0131n. Yeter ki ba\u015farabileceklerine inans\u0131nlar. Mustafa Kemal Atat\u00fcrk\u2019\u00fcn dedi\u011fi gibi: D\u00fcnyada her \u015fey kad\u0131n\u0131n eseridir.&#8221;<\/p>\n<p>&#8220;Yapt\u0131\u011f\u0131m\u0131z g\u00f6revler kad\u0131nlara cesaret veriyor&#8221;<br \/>\n<br \/>\u0130tfaiye Dairesi Ba\u015fkanl\u0131\u011f\u0131 Arama Kurtarma \u015eube M\u00fcd\u00fcrl\u00fc\u011f\u00fc\u2019nde g\u00f6revli paramedik (sa\u011fl\u0131k personeli) Asl\u0131s\u00fcsen Oskay (29) da itfaiyenin g\u00f6rev ald\u0131\u011f\u0131 olaylarda ilk yard\u0131m hizmeti veriyor. \u0130tfaiyeye gelen her \u00e7a\u011fr\u0131da, insanlar\u0131n kendilerini umutla bekledi\u011finin alt\u0131n\u0131 \u00e7izen Oskay, &#8220;M\u00fcmk\u00fcn oldu\u011funca en k\u0131sa s\u00fcrede onlara ula\u015f\u0131p yaralar\u0131na merhem olmaya \u00e7al\u0131\u015f\u0131yoruz. Yurtta\u015flar i\u00e7in d\u00f6kt\u00fc\u011f\u00fcm ter, verdi\u011fim emek beni yormuyor. Y\u00fczlerindeki g\u00fcl\u00fcmsemeden eme\u011fimin kar\u015f\u0131l\u0131\u011f\u0131n\u0131 ald\u0131\u011f\u0131m\u0131 g\u00f6r\u00fcyorum. Bu zamana kadar bir\u00e7ok i\u015fte g\u00f6revlendirildim. G\u00f6revimi en iyi \u015fekilde yapmaya \u00e7al\u0131\u015ft\u0131m. Kad\u0131n elinin de\u011fdi\u011fi \u00e7o\u011fu i\u015fin daha ba\u015far\u0131l\u0131, d\u00fczenli ve disiplinli oldu\u011funu d\u00fc\u015f\u00fcn\u00fcyorum. \u0130\u015fimi severek yap\u0131yorum. Bana destek olan herkese te\u015fekk\u00fcr ediyorum. Yapt\u0131\u011f\u0131m\u0131z g\u00f6revlerin kad\u0131nlar i\u00e7in cesaret niteli\u011fi ta\u015f\u0131mas\u0131n\u0131 istiyoruz. T\u00fcm kad\u0131nlar\u0131n 8 Mart D\u00fcnya Kad\u0131nlar G\u00fcn\u00fc\u2019n\u00fc kutluyorum&#8221; diye konu\u015ftu.<\/p>\n<p>\u0130tfaiyenin tek kad\u0131n \u015fof\u00f6r\u00fc r\u00fczgar kadar h\u0131zl\u0131<br \/>\n<br \/>Ayet K\u00fct\u00fckba\u015f da \u0130zmir \u0130tfaiyesi\u2019nde itfaiye ekiplerini olay yerine en h\u0131zl\u0131 ve sorunsuz \u015fekilde ula\u015ft\u0131rma g\u00f6revini \u00fcstlenen cesur kad\u0131nlardan. 23 ya\u015f\u0131ndaki gen\u00e7 kad\u0131n, itfaiyeye ait her t\u00fcrl\u00fc arac\u0131 kullan\u0131yor. \u0130tfaiyenin tek kad\u0131n \u015fof\u00f6r\u00fc, direksiyonda r\u00fczgar kadar h\u0131zl\u0131. \u0130tfaiyecili\u011fin \u00e7ocukluk hayali oldu\u011funu ancak \u015fartlar farkl\u0131 geli\u015fti\u011fi i\u00e7in \u015fof\u00f6r oldu\u011funu ifade eden Ayet K\u00fct\u00fckba\u015f, &#8220;22 metre merdivenli ara\u00e7tan tutun da 15 tonluk araz\u00f6ze kadar b\u00fct\u00fcn ara\u00e7lar\u0131 kullanabiliyorum. \u0130tfaiyedeki tek kad\u0131n \u015fof\u00f6r\u00fcm. \u0130tfaiye arac\u0131n\u0131 kulland\u0131\u011f\u0131m\u0131 g\u00f6renler, \u00e7ok g\u00fczel tepki veriyor. \u0130nsanlar\u0131n benimle gurur duydu\u011funu hissediyorum. Bu \u00e7ok g\u00fczel bir duygu. Olay yerine gitti\u011fim zaman da insanlar\u0131n bana yard\u0131m etmeye \u00e7al\u0131\u015ft\u0131\u011f\u0131n\u0131 g\u00f6r\u00fcyorum. Bu da \u00e7ok ho\u015fuma gidiyor. \u0130\u015f yerindeki arkada\u015flar\u0131m\u0131n yan\u0131 s\u0131ra ailem ve arkada\u015flar\u0131m da bana bu konuda destek veriyor&#8221; dedi.<\/p>\n<p>&#8220;Kendimle gurur duyuyorum&#8221;<br \/>\n<br \/>\u0130\u015fini de kulland\u0131\u011f\u0131 ara\u00e7lar\u0131 da \u00e7ok sevdi\u011fini vurgulayan K\u00fct\u00fckba\u015f, \u015funlar\u0131 s\u00f6yledi: &#8220;Araca her bindi\u011fimde biraz endi\u015feleniyorum. \u00c7\u00fcnk\u00fc ihbar geldi\u011fi an ilk sorumluluk bizde. Kendi can g\u00fcvenli\u011fimiz, ara\u00e7taki arkada\u015flar\u0131m\u0131z\u0131n can g\u00fcvenli\u011fi ve olay yerine h\u0131zl\u0131, sa\u011fl\u0131kl\u0131 \u015fekilde varmak bizim sorumlulu\u011fumuzda. Her \u015feye ra\u011fmen bir kad\u0131n olarak bu i\u015fi yapt\u0131\u011f\u0131m i\u00e7in kendimle gurur duyuyorum. \u0130steyen herkesin de bu zorlu meslekleri yapabilece\u011fini biliyorum. \u0130yi bir rol modelim. Bizler toplumda var\u0131z. Zor veya kolay diye ay\u0131rt etmeden b\u00fct\u00fcn meslekleri yapmaya \u00e7al\u0131\u015f\u0131yoruz.&#8221;<br \/><\/p>\n","protected":false},"excerpt":{"rendered":"<p>\u0130zmir B\u00fcy\u00fck\u015fehir Belediyesi \u0130tfaiye Dairesi Ba\u015fkanl\u0131\u011f\u0131 b\u00fcnyesinde \u00e7al\u0131\u015fan kad\u0131nlar, t\u00fcm zorlu g\u00f6revlerin \u00fcstesinden ba\u015far\u0131 ile geliyor. Ba\u015far\u0131lar\u0131yla ilham veren kad\u0131nlardan 23 ya\u015f\u0131ndaki Ayet K\u00fct\u00fckta\u015f, 15 tonluk araz\u00f6z kullan\u0131yor. Okul \u00f6ncesi \u00f6\u011fretmeniyken baba mesle\u011fi itfaiyecili\u011fi tercih eden Hacer Akku\u015f ise 4 y\u0131ld\u0131r sahada ter d\u00f6k\u00fcyor. Sa\u011fl\u0131k personeli Asl\u0131s\u00fcsen Oskay da yaralananlara ilk m\u00fcdahaleyi yaparak \u015fifa da\u011f\u0131t\u0131yor&#8230;.<\/p>\n","protected":false},"author":1,"featured_media":24468,"comment_status":"open","ping_status":"open","sticky":false,"template":"","format":"standard","meta":{"_crdt_document":"","footnotes":""},"categories":[1],"tags":[],"class_list":["post-24467","post","type-post","status-publish","format-standard","has-post-thumbnail","hentry","category-guncel"],"_links":{"self":[{"href":"https:\/\/www.egemtv.com\/index.php?rest_route=\/wp\/v2\/posts\/24467","targetHints":{"allow":["GET"]}}],"collection":[{"href":"https:\/\/www.egemtv.com\/index.php?rest_route=\/wp\/v2\/posts"}],"about":[{"href":"https:\/\/www.egemtv.com\/index.php?rest_route=\/wp\/v2\/types\/post"}],"author":[{"embeddable":true,"href":"https:\/\/www.egemtv.com\/index.php?rest_route=\/wp\/v2\/users\/1"}],"replies":[{"embeddable":true,"href":"https:\/\/www.egemtv.com\/index.php?rest_route=%2Fwp%2Fv2%2Fcomments&post=24467"}],"version-history":[{"count":1,"href":"https:\/\/www.egemtv.com\/index.php?rest_route=\/wp\/v2\/posts\/24467\/revisions"}],"predecessor-version":[{"id":24469,"href":"https:\/\/www.egemtv.com\/index.php?rest_route=\/wp\/v2\/posts\/24467\/revisions\/24469"}],"wp:featuredmedia":[{"embeddable":true,"href":"https:\/\/www.egemtv.com\/index.php?rest_route=\/wp\/v2\/media\/24468"}],"wp:attachment":[{"href":"https:\/\/www.egemtv.com\/index.php?rest_route=%2Fwp%2Fv2%2Fmedia&parent=24467"}],"wp:term":[{"taxonomy":"category","embeddable":true,"href":"https:\/\/www.egemtv.com\/index.php?rest_route=%2Fwp%2Fv2%2Fcategories&post=24467"},{"taxonomy":"post_tag","embeddable":true,"href":"https:\/\/www.egemtv.com\/index.php?rest_route=%2Fwp%2Fv2%2Ftags&post=24467"}],"curies":[{"name":"wp","href":"https:\/\/api.w.org\/{rel}","templated":true}]}}