{"id":24464,"date":"2025-03-07T10:51:27","date_gmt":"2025-03-07T07:51:27","guid":{"rendered":"https:\/\/www.egemtv.com\/?p=24464"},"modified":"2025-03-07T10:51:31","modified_gmt":"2025-03-07T07:51:31","slug":"hisarcikta-ilkokul-ogrencilerine-teknoloji-bagimliligi-semineri","status":"publish","type":"post","link":"https:\/\/www.egemtv.com\/?p=24464","title":{"rendered":"Hisarc\u0131k\u2019ta ilkokul \u00f6\u011frencilerine teknoloji ba\u011f\u0131ml\u0131l\u0131\u011f\u0131 semineri"},"content":{"rendered":"<p>K\u00fctahya\u2019n\u0131n Hisarc\u0131k il\u00e7esi Atat\u00fcrk \u0130lkokulunda 3 ve 4.\u2019nc\u00fc s\u0131n\u0131f \u00f6\u011frencilerine bilin\u00e7li teknoloji kullan\u0131m\u0131na y\u00f6nelik bilgilendirme semineri verildi\u011fi bildirildi.<br \/>\n<br \/>Simav Rehberlik ve Ara\u015ft\u0131rma Merkezi Rehberlik \u00d6\u011fretmeni Yunus Emre Demir taraf\u0131ndan 3 ve 4.\u2019nc\u00fc s\u0131n\u0131flarda e\u011fitim g\u00f6ren 83 \u00f6\u011frenciye y\u00f6nelik d\u00fczenlenen e\u011fitim \u00e7er\u00e7evesinde \u00f6\u011frencilere, teknolojinin g\u00fcnl\u00fck hayattaki olumlu ve olumsuz etkileri \u00fczerinde bilgi verildi. Ayr\u0131ca teknoloji kullan\u0131m\u0131n\u0131n kontroll\u00fc ve bilin\u00e7li bir \u015fekilde yap\u0131lmas\u0131n\u0131n \u00f6nemi vurguland\u0131.<br \/><\/p>\n","protected":false},"excerpt":{"rendered":"<p>K\u00fctahya\u2019n\u0131n Hisarc\u0131k il\u00e7esi Atat\u00fcrk \u0130lkokulunda 3 ve 4.\u2019nc\u00fc s\u0131n\u0131f \u00f6\u011frencilerine bilin\u00e7li teknoloji kullan\u0131m\u0131na y\u00f6nelik bilgilendirme semineri verildi\u011fi bildirildi. Simav Rehberlik ve Ara\u015ft\u0131rma Merkezi Rehberlik \u00d6\u011fretmeni Yunus Emre Demir taraf\u0131ndan 3 ve 4.\u2019nc\u00fc s\u0131n\u0131flarda e\u011fitim g\u00f6ren 83 \u00f6\u011frenciye y\u00f6nelik d\u00fczenlenen e\u011fitim \u00e7er\u00e7evesinde \u00f6\u011frencilere, teknolojinin g\u00fcnl\u00fck hayattaki olumlu ve olumsuz etkileri \u00fczerinde bilgi verildi. Ayr\u0131ca teknoloji kullan\u0131m\u0131n\u0131n&#8230;<\/p>\n","protected":false},"author":1,"featured_media":24465,"comment_status":"open","ping_status":"open","sticky":false,"template":"","format":"standard","meta":{"_crdt_document":"","footnotes":""},"categories":[1],"tags":[],"class_list":["post-24464","post","type-post","status-publish","format-standard","has-post-thumbnail","hentry","category-guncel"],"_links":{"self":[{"href":"https:\/\/www.egemtv.com\/index.php?rest_route=\/wp\/v2\/posts\/24464","targetHints":{"allow":["GET"]}}],"collection":[{"href":"https:\/\/www.egemtv.com\/index.php?rest_route=\/wp\/v2\/posts"}],"about":[{"href":"https:\/\/www.egemtv.com\/index.php?rest_route=\/wp\/v2\/types\/post"}],"author":[{"embeddable":true,"href":"https:\/\/www.egemtv.com\/index.php?rest_route=\/wp\/v2\/users\/1"}],"replies":[{"embeddable":true,"href":"https:\/\/www.egemtv.com\/index.php?rest_route=%2Fwp%2Fv2%2Fcomments&post=24464"}],"version-history":[{"count":1,"href":"https:\/\/www.egemtv.com\/index.php?rest_route=\/wp\/v2\/posts\/24464\/revisions"}],"predecessor-version":[{"id":24466,"href":"https:\/\/www.egemtv.com\/index.php?rest_route=\/wp\/v2\/posts\/24464\/revisions\/24466"}],"wp:featuredmedia":[{"embeddable":true,"href":"https:\/\/www.egemtv.com\/index.php?rest_route=\/wp\/v2\/media\/24465"}],"wp:attachment":[{"href":"https:\/\/www.egemtv.com\/index.php?rest_route=%2Fwp%2Fv2%2Fmedia&parent=24464"}],"wp:term":[{"taxonomy":"category","embeddable":true,"href":"https:\/\/www.egemtv.com\/index.php?rest_route=%2Fwp%2Fv2%2Fcategories&post=24464"},{"taxonomy":"post_tag","embeddable":true,"href":"https:\/\/www.egemtv.com\/index.php?rest_route=%2Fwp%2Fv2%2Ftags&post=24464"}],"curies":[{"name":"wp","href":"https:\/\/api.w.org\/{rel}","templated":true}]}}