{"id":24458,"date":"2025-03-07T10:51:18","date_gmt":"2025-03-07T07:51:18","guid":{"rendered":"https:\/\/www.egemtv.com\/?p=24458"},"modified":"2025-03-07T10:51:22","modified_gmt":"2025-03-07T07:51:22","slug":"jandarma-trafik-ekipleri-suruculeri-bilgilendirdi","status":"publish","type":"post","link":"https:\/\/www.egemtv.com\/?p=24458","title":{"rendered":"Jandarma trafik ekipleri s\u00fcr\u00fcc\u00fcleri bilgilendirdi"},"content":{"rendered":"<p>K\u00fctahya\u2019da jandarma trafik ekipleri Tav\u015fanl\u0131-Emet karayolunda 55 s\u00fcr\u00fcc\u00fcy\u00fc ya\u011f\u0131\u015fl\u0131 havalarda, k\u0131\u015f \u015fartlar\u0131nda ara\u00e7 kullan\u0131m\u0131 ve \u00e7e\u015fitli konularda bilgilendirdi.<br \/>\n<br \/>K\u00fctahya \u0130l Jandarma Komutanl\u0131\u011f\u0131, Tav\u015fanl\u0131 \u0130l\u00e7e Jandarma Komutanl\u0131\u011f\u0131 ve 17\u2019nci Trafik Jandarmas\u0131 Tim Komutanl\u0131\u011f\u0131nca Tav\u015fanl\u0131-Emet karayolunda 55 yol kullan\u0131c\u0131s\u0131 s\u00fcr\u00fcc\u00fcye, ya\u011f\u0131\u015fl\u0131 havalarda ve k\u0131\u015f \u015fartlar\u0131nda ara\u00e7 kullan\u0131m\u0131, k\u0131\u015f lasti\u011fi \u00f6nemi, zincir takma, emniyet kemeri kullan\u0131m\u0131, seyir halinde cep telefonu kullan\u0131lmamas\u0131, genel trafik ve benzeri konularda bilgilendirme yaparak bro\u015f\u00fcr da\u011f\u0131t\u0131m\u0131 ger\u00e7ekle\u015ftirdi.<br \/><\/p>\n","protected":false},"excerpt":{"rendered":"<p>K\u00fctahya\u2019da jandarma trafik ekipleri Tav\u015fanl\u0131-Emet karayolunda 55 s\u00fcr\u00fcc\u00fcy\u00fc ya\u011f\u0131\u015fl\u0131 havalarda, k\u0131\u015f \u015fartlar\u0131nda ara\u00e7 kullan\u0131m\u0131 ve \u00e7e\u015fitli konularda bilgilendirdi. K\u00fctahya \u0130l Jandarma Komutanl\u0131\u011f\u0131, Tav\u015fanl\u0131 \u0130l\u00e7e Jandarma Komutanl\u0131\u011f\u0131 ve 17\u2019nci Trafik Jandarmas\u0131 Tim Komutanl\u0131\u011f\u0131nca Tav\u015fanl\u0131-Emet karayolunda 55 yol kullan\u0131c\u0131s\u0131 s\u00fcr\u00fcc\u00fcye, ya\u011f\u0131\u015fl\u0131 havalarda ve k\u0131\u015f \u015fartlar\u0131nda ara\u00e7 kullan\u0131m\u0131, k\u0131\u015f lasti\u011fi \u00f6nemi, zincir takma, emniyet kemeri kullan\u0131m\u0131, seyir halinde&#8230;<\/p>\n","protected":false},"author":1,"featured_media":24459,"comment_status":"open","ping_status":"open","sticky":false,"template":"","format":"standard","meta":{"_crdt_document":"","footnotes":""},"categories":[1],"tags":[],"class_list":["post-24458","post","type-post","status-publish","format-standard","has-post-thumbnail","hentry","category-guncel"],"_links":{"self":[{"href":"https:\/\/www.egemtv.com\/index.php?rest_route=\/wp\/v2\/posts\/24458","targetHints":{"allow":["GET"]}}],"collection":[{"href":"https:\/\/www.egemtv.com\/index.php?rest_route=\/wp\/v2\/posts"}],"about":[{"href":"https:\/\/www.egemtv.com\/index.php?rest_route=\/wp\/v2\/types\/post"}],"author":[{"embeddable":true,"href":"https:\/\/www.egemtv.com\/index.php?rest_route=\/wp\/v2\/users\/1"}],"replies":[{"embeddable":true,"href":"https:\/\/www.egemtv.com\/index.php?rest_route=%2Fwp%2Fv2%2Fcomments&post=24458"}],"version-history":[{"count":1,"href":"https:\/\/www.egemtv.com\/index.php?rest_route=\/wp\/v2\/posts\/24458\/revisions"}],"predecessor-version":[{"id":24460,"href":"https:\/\/www.egemtv.com\/index.php?rest_route=\/wp\/v2\/posts\/24458\/revisions\/24460"}],"wp:featuredmedia":[{"embeddable":true,"href":"https:\/\/www.egemtv.com\/index.php?rest_route=\/wp\/v2\/media\/24459"}],"wp:attachment":[{"href":"https:\/\/www.egemtv.com\/index.php?rest_route=%2Fwp%2Fv2%2Fmedia&parent=24458"}],"wp:term":[{"taxonomy":"category","embeddable":true,"href":"https:\/\/www.egemtv.com\/index.php?rest_route=%2Fwp%2Fv2%2Fcategories&post=24458"},{"taxonomy":"post_tag","embeddable":true,"href":"https:\/\/www.egemtv.com\/index.php?rest_route=%2Fwp%2Fv2%2Ftags&post=24458"}],"curies":[{"name":"wp","href":"https:\/\/api.w.org\/{rel}","templated":true}]}}