{"id":24452,"date":"2025-03-07T10:27:22","date_gmt":"2025-03-07T07:27:22","guid":{"rendered":"https:\/\/www.egemtv.com\/?p=24452"},"modified":"2025-03-07T10:27:26","modified_gmt":"2025-03-07T07:27:26","slug":"izmir-ekonomiden-kadin-calisanlarina-hatira-ormani","status":"publish","type":"post","link":"https:\/\/www.egemtv.com\/?p=24452","title":{"rendered":"\u0130zmir Ekonomi\u2019den kad\u0131n \u00e7al\u0131\u015fanlar\u0131na \u2018hat\u0131ra orman\u0131\u2019"},"content":{"rendered":"<p>8 Mart D\u00fcnya Kad\u0131nlar G\u00fcn\u00fc\u2019nde \u00f6rnek bir mesaj vererek do\u011faya ve gelece\u011fe kal\u0131c\u0131 iz b\u0131rakmay\u0131 ama\u00e7layan \u0130zmir Ekonomi \u00dcniversitesi (\u0130E\u00dc), Ege Orman Vakf\u0131 i\u015f birli\u011fiyle kad\u0131n \u00e7al\u0131\u015fanlar\u0131 ad\u0131na \u2018Hat\u0131ra Orman\u0131\u2019 olu\u015fturdu. \u2018Kad\u0131n Varsa Hayat Var\u2019 temas\u0131yla harekete ge\u00e7en \u0130E\u00dc, Manisa Yunt Da\u011f\u0131\u2019nda tam 2 bin 250 fidana hayat verdi. \u0130E\u00dc Rekt\u00f6r Yard\u0131mc\u0131s\u0131 Prof. Dr. Asl\u0131 Ceylan \u00d6ner, \u00fcniversitedeki akademisyenlerin y\u00fczde 57\u2019sinin, idari \u00e7al\u0131\u015fanlar\u0131n da y\u00fczde 61\u2019inin kad\u0131nlardan olu\u015ftu\u011funa dikkat \u00e7ekerek, &#8220;Kamp\u00fcs\u00fcm\u00fczde sevgiyi, iyili\u011fi, umudu ve ba\u015far\u0131y\u0131 ye\u015ferten kad\u0131n \u00e7al\u0131\u015fanlar\u0131m\u0131zla mutluyuz ve g\u00fc\u00e7l\u00fcy\u00fcz&#8221; diye konu\u015ftu.<br \/>\n<br \/>\u0130zmir Ekonomi \u00dcniversitesi 8 Mart Hat\u0131ra Orman\u0131 i\u00e7in d\u00fczenlenen fidan dikim t\u00f6reni, renkli g\u00f6r\u00fcnt\u00fclere sahne oldu. \u0130E\u00dc, t\u00f6ren i\u00e7in kamp\u00fcsten ara\u00e7 kald\u0131rarak sembolik de olsa kad\u0131n \u00e7al\u0131\u015fanlar\u0131n etkinli\u011fe kat\u0131lmas\u0131n\u0131 sa\u011flad\u0131. So\u011fuk havaya ald\u0131r\u0131\u015f etmeden, fidanlar\u0131 toprakla bulu\u015fturan ve can suyu veren kad\u0131nlar, do\u011fayla bulu\u015fman\u0131n ve b\u00f6ylesine anlaml\u0131 bir etkinlikte yer alman\u0131n mutlulu\u011funu ya\u015fad\u0131.<\/p>\n<p>Daima hat\u0131rlanacak<br \/>\n<br \/>\u0130E\u00dc Rekt\u00f6r Yard\u0131mc\u0131s\u0131 Prof. Dr. Asl\u0131 Ceylan \u00d6ner, \u00fcniversite olarak hem kad\u0131nlar hem de do\u011fa i\u00e7in \u00f6rnek bir fark\u0131ndal\u0131\u011fa imza att\u0131klar\u0131n\u0131 ifade etti. Prof. Dr. \u00d6ner, &#8220;Bu y\u0131lki 8 Mart D\u00fcnya Kad\u0131nlar G\u00fcn\u00fc\u2019nde, kad\u0131n \u00e7al\u0131\u015fanlar\u0131m\u0131za her daim hat\u0131rlayacaklar\u0131 \u00f6zel bir hediye vermek istedik. T\u0131pk\u0131 kad\u0131nlar\u0131m\u0131z\u0131n kamp\u00fcs\u00fcm\u00fczde yapt\u0131\u011f\u0131 gibi biz de \u00fcniversite olarak do\u011fada, umudu ve iyili\u011fi nas\u0131l ye\u015fertebiliriz diye d\u00fc\u015f\u00fcnd\u00fck. Bunun i\u00e7in de kad\u0131n \u00e7al\u0131\u015fanlar\u0131m\u0131z ad\u0131na Ege Orman Vakf\u0131 i\u015f birli\u011fi ile bir hat\u0131ra orman\u0131 olu\u015fturmaya karar verdik. \u2018Kad\u0131n varsa hayat var\u2019 d\u00fc\u015f\u00fcncemizin bir yans\u0131mas\u0131 olarak, Manisa Yunt Da\u011f\u0131\u2019nda ilk ad\u0131m\u0131 att\u0131k&#8221; ifadelerini kulland\u0131.<\/p>\n<p>Ba\u015far\u0131m\u0131zda kad\u0131nlar\u0131n izi var<br \/>\n<br \/>Prof. Dr. \u00d6ner, yap\u0131lan ba\u011f\u0131\u015flarla ilgili kad\u0131n \u00e7al\u0131\u015fanlar\u0131n ad\u0131na tek tek sertifika da olu\u015fturulaca\u011f\u0131n\u0131 belirterek, &#8220;Her bir kad\u0131n \u00e7al\u0131\u015fan\u0131m\u0131z ad\u0131na ayr\u0131 ayr\u0131 dikti\u011fimiz bu fidanlar; y\u0131llar i\u00e7inde \u00f6nce a\u011faca, ard\u0131ndan da g\u00fcr bir ormana d\u00f6n\u00fc\u015fecek. \u00dcniversitemizdeki her ba\u015far\u0131da izi olan kad\u0131nlar\u0131m\u0131z\u0131n, art\u0131k do\u011fada da kal\u0131c\u0131 bir izi olacak. T\u00fcm kad\u0131nlar\u0131m\u0131z\u0131n, 8 Mart D\u00fcnya Kad\u0131nlar G\u00fcn\u00fcn\u00fc kutluyor; mutluluk ve sa\u011fl\u0131k dolu g\u00fcnler diliyorum&#8221; diye konu\u015ftu.<\/p>\n<p>\u2018Sa\u011fl\u0131kl\u0131 kamp\u00fcs\u2019 vurgusu<br \/>\n<br \/>\u00dcniversite olarak \u2018sa\u011fl\u0131kl\u0131 kamp\u00fcs\u2019 modelini olu\u015fturduklar\u0131n\u0131 ve bunun bir gere\u011fi olarak da s\u00fcrd\u00fcr\u00fclebilirli\u011fi merkezine alan projelere \u00f6ncelik verdiklerini dile getiren Prof. Dr. \u00d6ner, &#8220;D\u00fcnya genelinde kaynaklar azal\u0131rken, n\u00fcfus ve ihtiya\u00e7lar ise tam tersine art\u0131yor. Bu durum, sa\u011fl\u0131kl\u0131 bir gelecek i\u00e7in s\u00fcrd\u00fcr\u00fclebilirli\u011fe odaklanmam\u0131z gerekti\u011fini bize \u00e7ok net g\u00f6steriyor. Biz de \u00fcniversitemizdeki \u00e7al\u0131\u015fmalar\u0131m\u0131z\u0131 bu bak\u0131\u015f a\u00e7\u0131s\u0131yla \u015fekillendiriyoruz. Karbon izini d\u00fc\u015f\u00fcrecek, s\u00fcrd\u00fcr\u00fclebilirlik konusunda T\u00fcrkiye\u2019ye \u00f6rnek olacak projeler geli\u015ftiriyoruz. Bunun yan\u0131 s\u0131ra \u00f6\u011frencilerimizin fiziksel, sosyal ve sportif geli\u015fimini art\u0131rmak amac\u0131yla \u2018sa\u011fl\u0131kl\u0131 kamp\u00fcs\u2019 konseptini de hayata ge\u00e7irdik. Yapt\u0131\u011f\u0131m\u0131z \u00e7al\u0131\u015fmalar\u0131 anlatmak \u00fczere Avrupa\u2019daki \u00fcniversitelerde g\u00f6rev yapan akademisyenleri ve idari \u00e7al\u0131\u015fanlar\u0131 kamp\u00fcs\u00fcm\u00fczde konuk ettik. Sa\u011fl\u0131kl\u0131 kamp\u00fcs; fiziksel ve mental sa\u011fl\u0131\u011f\u0131, sa\u011fl\u0131kl\u0131 beslenmeyi, \u00e7evre sa\u011fl\u0131\u011f\u0131n\u0131 ve s\u00fcrd\u00fcr\u00fclebilirli\u011fi temel al\u0131yor. \u00dcniversitemizde, \u00e7al\u0131\u015fanlar\u0131m\u0131z\u0131n ve \u00f6\u011frencilerimizin de kat\u0131lm\u0131yla y\u0131l geneline yay\u0131lan bir\u00e7ok etkinlik ve proeje geli\u015ftiriyoruz. Hat\u0131ra orman\u0131 da \u00e7evreci ad\u0131mlar\u0131m\u0131z\u0131n g\u00fczel bir \u00f6rne\u011fi oldu&#8221; dedi.<br \/><\/p>\n","protected":false},"excerpt":{"rendered":"<p>8 Mart D\u00fcnya Kad\u0131nlar G\u00fcn\u00fc\u2019nde \u00f6rnek bir mesaj vererek do\u011faya ve gelece\u011fe kal\u0131c\u0131 iz b\u0131rakmay\u0131 ama\u00e7layan \u0130zmir Ekonomi \u00dcniversitesi (\u0130E\u00dc), Ege Orman Vakf\u0131 i\u015f birli\u011fiyle kad\u0131n \u00e7al\u0131\u015fanlar\u0131 ad\u0131na \u2018Hat\u0131ra Orman\u0131\u2019 olu\u015fturdu. \u2018Kad\u0131n Varsa Hayat Var\u2019 temas\u0131yla harekete ge\u00e7en \u0130E\u00dc, Manisa Yunt Da\u011f\u0131\u2019nda tam 2 bin 250 fidana hayat verdi. \u0130E\u00dc Rekt\u00f6r Yard\u0131mc\u0131s\u0131 Prof. Dr. Asl\u0131&#8230;<\/p>\n","protected":false},"author":1,"featured_media":24453,"comment_status":"open","ping_status":"open","sticky":false,"template":"","format":"standard","meta":{"_crdt_document":"","footnotes":""},"categories":[1],"tags":[],"class_list":["post-24452","post","type-post","status-publish","format-standard","has-post-thumbnail","hentry","category-guncel"],"_links":{"self":[{"href":"https:\/\/www.egemtv.com\/index.php?rest_route=\/wp\/v2\/posts\/24452","targetHints":{"allow":["GET"]}}],"collection":[{"href":"https:\/\/www.egemtv.com\/index.php?rest_route=\/wp\/v2\/posts"}],"about":[{"href":"https:\/\/www.egemtv.com\/index.php?rest_route=\/wp\/v2\/types\/post"}],"author":[{"embeddable":true,"href":"https:\/\/www.egemtv.com\/index.php?rest_route=\/wp\/v2\/users\/1"}],"replies":[{"embeddable":true,"href":"https:\/\/www.egemtv.com\/index.php?rest_route=%2Fwp%2Fv2%2Fcomments&post=24452"}],"version-history":[{"count":1,"href":"https:\/\/www.egemtv.com\/index.php?rest_route=\/wp\/v2\/posts\/24452\/revisions"}],"predecessor-version":[{"id":24454,"href":"https:\/\/www.egemtv.com\/index.php?rest_route=\/wp\/v2\/posts\/24452\/revisions\/24454"}],"wp:featuredmedia":[{"embeddable":true,"href":"https:\/\/www.egemtv.com\/index.php?rest_route=\/wp\/v2\/media\/24453"}],"wp:attachment":[{"href":"https:\/\/www.egemtv.com\/index.php?rest_route=%2Fwp%2Fv2%2Fmedia&parent=24452"}],"wp:term":[{"taxonomy":"category","embeddable":true,"href":"https:\/\/www.egemtv.com\/index.php?rest_route=%2Fwp%2Fv2%2Fcategories&post=24452"},{"taxonomy":"post_tag","embeddable":true,"href":"https:\/\/www.egemtv.com\/index.php?rest_route=%2Fwp%2Fv2%2Ftags&post=24452"}],"curies":[{"name":"wp","href":"https:\/\/api.w.org\/{rel}","templated":true}]}}