{"id":24446,"date":"2025-03-07T10:27:12","date_gmt":"2025-03-07T07:27:12","guid":{"rendered":"https:\/\/www.egemtv.com\/?p=24446"},"modified":"2025-03-07T10:27:17","modified_gmt":"2025-03-07T07:27:17","slug":"kaymakam-dogru-sehit-annesini-unutmadi","status":"publish","type":"post","link":"https:\/\/www.egemtv.com\/?p=24446","title":{"rendered":"Kaymakam Do\u011fru, \u015fehit annesini unutmad\u0131"},"content":{"rendered":"<p>Germencik Kaymakam\u0131 Sultan Do\u011fru, \u015fehit annesi Senem Kef\u2019i ziyaret ederek Kad\u0131nlar G\u00fcn\u00fc\u2019n\u00fc kutlad\u0131.<\/p>\n<p>8 Mart Kad\u0131nlar G\u00fcn\u00fc dolay\u0131s\u0131yla hemcinslerini unutmayan Germencik Kaymakam\u0131 Sultan Do\u011fru, ev ziyaretleri ger\u00e7ekle\u015ftirdi. Bu \u00e7er\u00e7evede Kaymakam Do\u011fru, 2005 y\u0131l\u0131nda G\u00fcm\u00fc\u015fhane\u2019nin Torul \u0130l\u00e7esi\u2019nde ter\u00f6rist sald\u0131r\u0131s\u0131 sonras\u0131nda \u015fehit olan o\u011flu Do\u011fan Kef\u2019in ailesini ziyaret etti. \u015eehit annesi Senem Kef\u2019in 8 Mart D\u00fcnya Kad\u0131nlar G\u00fcn\u00fc\u2019n\u00fc kutlayan Kaymakam Do\u011fru, sayg\u0131 ve minnet duygular\u0131n\u0131 iletti. Duygu dolu anlar\u0131n da ya\u015fand\u0131\u011f\u0131 ziyarette ailenin talep ve s\u0131k\u0131nt\u0131lar\u0131n\u0131 da dinleyen Kaymakam Do\u011fru, devletin her zaman vatanda\u015flar\u0131n yan\u0131nda oldu\u011funa dikkat \u00e7ekti.<\/p>\n<p>Konu ile ilgili Germencik Kaymakaml\u0131\u011f\u0131\u2019ndan yap\u0131lan a\u00e7\u0131klamada &#8220;Kaymakam\u0131m\u0131z Sultan Do\u011fru, 8 Mart D\u00fcnya Kad\u0131nlar G\u00fcn\u00fc vesileyle aziz \u015fehidimiz Do\u011fan Kef\u2019in Ne\u015fetiye Mahalesi\u2019ndeki annesi Senem Kef\u2019i ziyaret ederek sayg\u0131 ve minnet duygular\u0131n\u0131 iletti, g\u00fcn\u00fcn\u00fc tebrik etti&#8221; ifadeleri yer ald\u0131.<br \/><\/p>\n","protected":false},"excerpt":{"rendered":"<p>Germencik Kaymakam\u0131 Sultan Do\u011fru, \u015fehit annesi Senem Kef\u2019i ziyaret ederek Kad\u0131nlar G\u00fcn\u00fc\u2019n\u00fc kutlad\u0131. 8 Mart Kad\u0131nlar G\u00fcn\u00fc dolay\u0131s\u0131yla hemcinslerini unutmayan Germencik Kaymakam\u0131 Sultan Do\u011fru, ev ziyaretleri ger\u00e7ekle\u015ftirdi. Bu \u00e7er\u00e7evede Kaymakam Do\u011fru, 2005 y\u0131l\u0131nda G\u00fcm\u00fc\u015fhane\u2019nin Torul \u0130l\u00e7esi\u2019nde ter\u00f6rist sald\u0131r\u0131s\u0131 sonras\u0131nda \u015fehit olan o\u011flu Do\u011fan Kef\u2019in ailesini ziyaret etti. \u015eehit annesi Senem Kef\u2019in 8 Mart D\u00fcnya Kad\u0131nlar&#8230;<\/p>\n","protected":false},"author":1,"featured_media":24447,"comment_status":"open","ping_status":"open","sticky":false,"template":"","format":"standard","meta":{"_crdt_document":"","footnotes":""},"categories":[1],"tags":[],"class_list":["post-24446","post","type-post","status-publish","format-standard","has-post-thumbnail","hentry","category-guncel"],"_links":{"self":[{"href":"https:\/\/www.egemtv.com\/index.php?rest_route=\/wp\/v2\/posts\/24446","targetHints":{"allow":["GET"]}}],"collection":[{"href":"https:\/\/www.egemtv.com\/index.php?rest_route=\/wp\/v2\/posts"}],"about":[{"href":"https:\/\/www.egemtv.com\/index.php?rest_route=\/wp\/v2\/types\/post"}],"author":[{"embeddable":true,"href":"https:\/\/www.egemtv.com\/index.php?rest_route=\/wp\/v2\/users\/1"}],"replies":[{"embeddable":true,"href":"https:\/\/www.egemtv.com\/index.php?rest_route=%2Fwp%2Fv2%2Fcomments&post=24446"}],"version-history":[{"count":1,"href":"https:\/\/www.egemtv.com\/index.php?rest_route=\/wp\/v2\/posts\/24446\/revisions"}],"predecessor-version":[{"id":24448,"href":"https:\/\/www.egemtv.com\/index.php?rest_route=\/wp\/v2\/posts\/24446\/revisions\/24448"}],"wp:featuredmedia":[{"embeddable":true,"href":"https:\/\/www.egemtv.com\/index.php?rest_route=\/wp\/v2\/media\/24447"}],"wp:attachment":[{"href":"https:\/\/www.egemtv.com\/index.php?rest_route=%2Fwp%2Fv2%2Fmedia&parent=24446"}],"wp:term":[{"taxonomy":"category","embeddable":true,"href":"https:\/\/www.egemtv.com\/index.php?rest_route=%2Fwp%2Fv2%2Fcategories&post=24446"},{"taxonomy":"post_tag","embeddable":true,"href":"https:\/\/www.egemtv.com\/index.php?rest_route=%2Fwp%2Fv2%2Ftags&post=24446"}],"curies":[{"name":"wp","href":"https:\/\/api.w.org\/{rel}","templated":true}]}}