{"id":24443,"date":"2025-03-07T10:27:07","date_gmt":"2025-03-07T07:27:07","guid":{"rendered":"https:\/\/www.egemtv.com\/?p=24443"},"modified":"2025-03-07T10:27:12","modified_gmt":"2025-03-07T07:27:12","slug":"cameli-belediyesi-ve-gekadan-kadin-istihdamiyla-ekonomik-kalkinma-hamlesi","status":"publish","type":"post","link":"https:\/\/www.egemtv.com\/?p=24443","title":{"rendered":"\u00c7ameli Belediyesi ve GEKA\u2019dan kad\u0131n istihdam\u0131yla ekonomik kalk\u0131nma hamlesi"},"content":{"rendered":"<p>Denizli\u2019nin \u00c7ameli il\u00e7esinde kad\u0131n istihdam\u0131n\u0131 ve ekonomik kalk\u0131nmalar\u0131n\u0131 desteklemek amac\u0131yla \u2018\u00c7ameli \u00dcreten Kad\u0131nlarla Kalk\u0131n\u0131yor\u2019 projesi hayata ge\u00e7iriliyor. Projenin s\u00f6zle\u015fmesi \u00c7ameli Kaymakam\u0131 Talha Tunahan Y\u0131ld\u0131r\u0131m, \u00c7ameli Belediye Ba\u015fkan\u0131 Cengiz Arslan, GEKA Genel Sekreteri \u00dcmit G\u00fclya\u011f\u0131 ve projede yer alan kad\u0131nlar\u0131n kat\u0131l\u0131m\u0131yla imzaland\u0131.<\/p>\n<p>\u00c7ameli\u2019nde kad\u0131n istihdam\u0131n\u0131 desteklemek ve b\u00f6lgeyi kalk\u0131nd\u0131rmak amac\u0131yla Sanayi ve Teknoloji Bakanl\u0131\u011f\u0131 ,\u00c7ameli Belediyesi ve G\u00fcney Ege Kalk\u0131nma Ajans\u0131 (GEKA) i\u015f birli\u011fi ile \u2018\u00c7ameli \u00dcreten Kad\u0131nlarla Kalk\u0131n\u0131yor\u2019 projesi hayata ge\u00e7iriliyor. Sanayi ve Teknoloji Bakanl\u0131\u011f\u0131 Kalk\u0131nma Ajanslar\u0131 Genel M\u00fcd\u00fcrl\u00fc\u011f\u00fc taraf\u0131ndan desteklenen proje, 2024 Y\u0131l\u0131 Sosyal Geli\u015fmeyi Destekleme Program\u0131 (SOGEP) kapsam\u0131nda G\u00fcney Ege Kalk\u0131nma Ajans\u0131 (GEKA) taraf\u0131ndan finanse ediliyor. Proje, 18 ayda tamamlanacak olan projenin 3 milyon 47 bin 549 TL\u2019lik toplam b\u00fct\u00e7esinin, 2 milyon 423 bin 334 TL\u2019si GEKA taraf\u0131ndan kar\u015f\u0131lanacak.<\/p>\n<p>Projenin y\u00fcr\u00fct\u00fcc\u00fc kurumu \u00c7ameli Belediye Ba\u015fkanl\u0131\u011f\u0131 olurken, S.S. \u00c7ameli Elmal\u0131 Kad\u0131n Giri\u015fimi \u00dcretim ve \u0130\u015fletme Kooperatifi, \u00c7ameli Yerel Eylem Grubu Derne\u011fi, \u00c7ameli Halk E\u011fitimi Merkezi ve \u00c7ameli \u00dcreten Kad\u0131nlar Derne\u011fi proje ortaklar\u0131 olarak yer al\u0131yor.<\/p>\n<p>Proje kapsam\u0131nda, mevcut tekstil e\u011fitim at\u00f6lyesi modernize edilerek kapasitesi artt\u0131r\u0131lacak. Mevcut at\u00f6lyenin makine park\u0131 ve altyap\u0131s\u0131 geli\u015ftirilerek e\u011fitim alan ve i\u015f g\u00fcc\u00fcn\u00fcne kat\u0131lan kad\u0131nlar daha verimli \u00e7al\u0131\u015fma imkan\u0131 bulacak. Bu sayede \u00c7amelili kad\u0131nlar tekstil ve konfeksiyon alanlar\u0131nda meslek sahibi olacak, \u00fcretim yapt\u0131klar\u0131 \u00fcr\u00fcnlerle gelir elde edebilecek. Kad\u0131nlar\u0131n ekonomik ve sosyal hayata aktif kat\u0131l\u0131m\u0131n\u0131 destekleyen proje, il\u00e7enin s\u00fcrd\u00fcr\u00fclebilir kalk\u0131nmas\u0131na \u00f6nemli bir katk\u0131 sa\u011flayacak. Ayr\u0131ca, \u00c7ameli Belediyesi taraf\u0131ndan at\u00f6lye yak\u0131n\u0131nda kurulacak bir \u00e7ocuk bak\u0131m evi, projede yer alan kad\u0131nlar\u0131n \u00e7al\u0131\u015fma \u015fartlar\u0131n\u0131 daha elveri\u015fli hale getirecek.<\/p>\n<p>Proje hakk\u0131nda a\u00e7\u0131klamalarda bulunan \u00c7ameli Belediye Ba\u015fkan\u0131 Cengiz Arslan, &#8220;Bu projeyi, il\u00e7emizdeki t\u00fcm kad\u0131nlar\u0131n sosyoekonomik durumunu y\u00fckseltmek amac\u0131yla ba\u015flatt\u0131k. Burada \u00e7ok b\u00fcy\u00fck i\u015fler yapaca\u011f\u0131z, projeyi geni\u015fletecek bir sekt\u00f6r olu\u015fturaca\u011f\u0131z. Belediyemiz olarak i\u015f k\u0131yafetlerimizi dahi bu at\u00f6lyede \u00fcretilen \u00fcr\u00fcnlerden temin edece\u011fiz. Kad\u0131nlar\u0131m\u0131za her anlamda destek olmaya devam edece\u011fiz. Projemiz \u0130l\u00e7emize hay\u0131rl\u0131 olsun&#8221; ifadelerini kulland\u0131.<\/p>\n<p>GEKA Genel Sekreteri \u00dcmit G\u00fclya\u011f\u0131 ise projenin kad\u0131nlar\u0131n ekonomik ya\u015famda daha g\u00fc\u00e7l\u00fc bir yer edinmesine katk\u0131 sa\u011flayaca\u011f\u0131n\u0131 belirterek, &#8220;Bu projeyle birlikte \u00c7ameli\u2019de kad\u0131n istihdam\u0131n\u0131 ve giri\u015fimcili\u011fini destekleyerek, kad\u0131nlar\u0131m\u0131z\u0131n ekonomik ba\u011f\u0131ms\u0131zl\u0131\u011f\u0131na katk\u0131 sunmay\u0131 ama\u00e7l\u0131yoruz. GEKA olarak b\u00f6lgemizde kalk\u0131nma odakl\u0131 projeleri desteklemeye devam edece\u011fiz&#8221; dedi.<\/p>\n<p>Proje sayesinde \u00c7ameli\u2019deki kad\u0131nlar, hem mesleki beceriler kazanacak hem de kendi \u00fcrettikleri \u00fcr\u00fcnlerle ekonomik g\u00fcc\u00fcn\u00fc artt\u0131racakt\u0131r. Projenin tamamlanmas\u0131yla birlikte b\u00f6lgedeki kad\u0131n istihdam oran\u0131n\u0131n artmas\u0131 ve \u00e7al\u0131\u015fan kad\u0131nlar\u0131n hayat standard\u0131n\u0131n y\u00fckselmesi bekleniyor.<br \/><\/p>\n","protected":false},"excerpt":{"rendered":"<p>Denizli\u2019nin \u00c7ameli il\u00e7esinde kad\u0131n istihdam\u0131n\u0131 ve ekonomik kalk\u0131nmalar\u0131n\u0131 desteklemek amac\u0131yla \u2018\u00c7ameli \u00dcreten Kad\u0131nlarla Kalk\u0131n\u0131yor\u2019 projesi hayata ge\u00e7iriliyor. Projenin s\u00f6zle\u015fmesi \u00c7ameli Kaymakam\u0131 Talha Tunahan Y\u0131ld\u0131r\u0131m, \u00c7ameli Belediye Ba\u015fkan\u0131 Cengiz Arslan, GEKA Genel Sekreteri \u00dcmit G\u00fclya\u011f\u0131 ve projede yer alan kad\u0131nlar\u0131n kat\u0131l\u0131m\u0131yla imzaland\u0131. \u00c7ameli\u2019nde kad\u0131n istihdam\u0131n\u0131 desteklemek ve b\u00f6lgeyi kalk\u0131nd\u0131rmak amac\u0131yla Sanayi ve Teknoloji Bakanl\u0131\u011f\u0131 ,\u00c7ameli Belediyesi&#8230;<\/p>\n","protected":false},"author":1,"featured_media":24444,"comment_status":"open","ping_status":"open","sticky":false,"template":"","format":"standard","meta":{"_crdt_document":"","footnotes":""},"categories":[125],"tags":[],"class_list":["post-24443","post","type-post","status-publish","format-standard","has-post-thumbnail","hentry","category-ekonomi"],"_links":{"self":[{"href":"https:\/\/www.egemtv.com\/index.php?rest_route=\/wp\/v2\/posts\/24443","targetHints":{"allow":["GET"]}}],"collection":[{"href":"https:\/\/www.egemtv.com\/index.php?rest_route=\/wp\/v2\/posts"}],"about":[{"href":"https:\/\/www.egemtv.com\/index.php?rest_route=\/wp\/v2\/types\/post"}],"author":[{"embeddable":true,"href":"https:\/\/www.egemtv.com\/index.php?rest_route=\/wp\/v2\/users\/1"}],"replies":[{"embeddable":true,"href":"https:\/\/www.egemtv.com\/index.php?rest_route=%2Fwp%2Fv2%2Fcomments&post=24443"}],"version-history":[{"count":1,"href":"https:\/\/www.egemtv.com\/index.php?rest_route=\/wp\/v2\/posts\/24443\/revisions"}],"predecessor-version":[{"id":24445,"href":"https:\/\/www.egemtv.com\/index.php?rest_route=\/wp\/v2\/posts\/24443\/revisions\/24445"}],"wp:featuredmedia":[{"embeddable":true,"href":"https:\/\/www.egemtv.com\/index.php?rest_route=\/wp\/v2\/media\/24444"}],"wp:attachment":[{"href":"https:\/\/www.egemtv.com\/index.php?rest_route=%2Fwp%2Fv2%2Fmedia&parent=24443"}],"wp:term":[{"taxonomy":"category","embeddable":true,"href":"https:\/\/www.egemtv.com\/index.php?rest_route=%2Fwp%2Fv2%2Fcategories&post=24443"},{"taxonomy":"post_tag","embeddable":true,"href":"https:\/\/www.egemtv.com\/index.php?rest_route=%2Fwp%2Fv2%2Ftags&post=24443"}],"curies":[{"name":"wp","href":"https:\/\/api.w.org\/{rel}","templated":true}]}}