{"id":24440,"date":"2025-03-07T10:27:02","date_gmt":"2025-03-07T07:27:02","guid":{"rendered":"https:\/\/www.egemtv.com\/?p=24440"},"modified":"2025-03-07T10:27:07","modified_gmt":"2025-03-07T07:27:07","slug":"ortaokul-ogrencileri-afet-bilincini-deneyimleyerek-ogrendi","status":"publish","type":"post","link":"https:\/\/www.egemtv.com\/?p=24440","title":{"rendered":"Ortaokul \u00f6\u011frencileri afet bilincini deneyimleyerek \u00f6\u011frendi"},"content":{"rendered":"<p>\u0130zmir\u2019de ortaokul \u00f6\u011frencileri, afet s\u0131ras\u0131nda ya\u015fanabilecek durumlar\u0131n canland\u0131r\u0131ld\u0131\u011f\u0131 tatbikatla afet bilincini deneyimleyerek \u00f6\u011frendi.<br \/>\n<br \/>\u0130zmir Kar\u015f\u0131yaka Atakent Erdo\u011fan Kibarer Ortaokulu idaresi, 1-7 Mart Deprem Haftas\u0131 kapsam\u0131nda afet s\u0131ras\u0131nda ya\u015fanacak durumlara y\u00f6nelik gece tatbikat\u0131 d\u00fczenledi. Programda \u00f6\u011frenciler \u00f6nce kendilerine g\u00f6sterilen g\u00fcvenli alanlara \u00e7ad\u0131rlar\u0131n\u0131 kurdu. Ard\u0131ndan Milli E\u011fitim Bakanl\u0131\u011f\u0131 (MEB) Arama Kurtarma Birimi (AKUB) \u00fcyesi \u00f6\u011fretmenlerce \u00f6\u011frencilere; afet fark\u0131ndal\u0131\u011f\u0131, temel korunma y\u00f6ntemleri ve acil durum an\u0131nda do\u011fru hareket etme konular\u0131nda e\u011fitim verildi. Daha sonra \u00f6\u011frenciler kurduklar\u0131 \u00e7ad\u0131rlara girerek afet sonras\u0131 durum de\u011ferlendirmesinde bulundu.<br \/>\n<br \/>\u00d6\u011frencilerin do\u011fal afet sonras\u0131nda hayatta kalabilme ve sosyalle\u015fme becerilerini \u00fcst seviyeye ta\u015f\u0131yabilmek i\u00e7in etkinlik d\u00fczenlediklerini aktaran Okul M\u00fcd\u00fcr\u00fc Kubilay \u00d6zduran, &#8220;\u00c7ocu\u011fun, bir do\u011fal afet sonras\u0131nda ya\u015fanan y\u0131k\u0131nt\u0131lardan sa\u011f olarak \u00e7\u0131kt\u0131ktan sonra hayatta kalabilmek i\u00e7in neye ihtiyac\u0131 oldu\u011funu, ihtiyac\u0131 olan malzemeleri nas\u0131l kullanaca\u011f\u0131 konusunda ya\u015fayabilece\u011fi t\u00fcm olumsuz olaylarla ba\u015f edebilmesi amac\u0131yla bu etkinli\u011fi yapt\u0131k. \u00c7ad\u0131rlar\u0131n tamam\u0131n\u0131 \u00f6\u011frenciler kendi imkanlar\u0131yla kurdu&#8221; dedi.<\/p>\n<p>&#8220;\u00d6\u011frenmenin en iyi yolu uygulamakt\u0131r&#8221;<br \/>\n<br \/>6. s\u0131n\u0131f \u00f6\u011frencisi Erol Ka\u011fan Vardar ise, &#8220;Deprem haftas\u0131 dolay\u0131s\u0131yla arkada\u015flar\u0131m\u0131zla topland\u0131k. Arkada\u015flar\u0131m\u0131z \u00e7ad\u0131rlar\u0131n\u0131 getirdi. B\u00f6ylece sosyalle\u015fme, dayan\u0131\u015fma ve deprem sonras\u0131nda yap\u0131lmas\u0131 gereken konularla ilgili bilin\u00e7lendik. Etkinli\u011fin uygulamal\u0131 olmas\u0131 bizler i\u00e7in \u00e7ok \u00f6nemli. \u00c7\u00fcnk\u00fc \u00f6\u011frenmenin en iyi yolu uygulamakt\u0131r&#8221; diye konu\u015ftu.<\/p>\n<p>&#8220;Art\u0131k bilin\u00e7liyim&#8221;<br \/>\n<br \/>Etkinlik sayesinde do\u011fal afet sonras\u0131 sakin kal\u0131p yap\u0131lmas\u0131 gerekenleri \u00f6\u011frendi\u011fini vurgulayan 8\u2019inci s\u0131n\u0131f \u00f6\u011frencisi Ela U\u00e7ar, &#8220;Bunlar\u0131 okulda \u00f6\u011freniyorduk fakat uygulama olunca g\u00fczel bir deneyim oldu. Daha iyi \u00f6\u011frenmi\u015f olduk. Art\u0131k bilin\u00e7liyim, deprem sonras\u0131 neler yapmam gerekti\u011fini daha iyi biliyorum&#8221; \u015feklinde konu\u015ftu.<br \/>\n<br \/>\u00c7ocu\u011funu tatbikata getiren Song\u00fcl \u00d6zen de. &#8220;\u00c7ocuklar\u0131n kendileri ya\u015fayarak \u00f6\u011frenmeleri \u00e7ok \u00f6nemli. Bizim \u00fclkemiz deprem b\u00f6lgesi. \u0130lkyard\u0131m\u0131n nas\u0131l yap\u0131ld\u0131\u011f\u0131na y\u00f6nelik etkinlikler yap\u0131ld\u0131. Ben en \u00e7ok \u00e7ocuklara verilen ilkyard\u0131m e\u011fitimini be\u011fendim. \u00c7ocuklar ya\u015fayarak \u00f6\u011frendi. \u00c7ok memnun kald\u0131k. B\u00f6yle e\u011fitimlerin daha s\u0131k verilmesi gerekiyor. Biz de \u00e7ok faydaland\u0131k&#8221; ifadelerini kulland\u0131.<br \/><\/p>\n","protected":false},"excerpt":{"rendered":"<p>\u0130zmir\u2019de ortaokul \u00f6\u011frencileri, afet s\u0131ras\u0131nda ya\u015fanabilecek durumlar\u0131n canland\u0131r\u0131ld\u0131\u011f\u0131 tatbikatla afet bilincini deneyimleyerek \u00f6\u011frendi. \u0130zmir Kar\u015f\u0131yaka Atakent Erdo\u011fan Kibarer Ortaokulu idaresi, 1-7 Mart Deprem Haftas\u0131 kapsam\u0131nda afet s\u0131ras\u0131nda ya\u015fanacak durumlara y\u00f6nelik gece tatbikat\u0131 d\u00fczenledi. Programda \u00f6\u011frenciler \u00f6nce kendilerine g\u00f6sterilen g\u00fcvenli alanlara \u00e7ad\u0131rlar\u0131n\u0131 kurdu. Ard\u0131ndan Milli E\u011fitim Bakanl\u0131\u011f\u0131 (MEB) Arama Kurtarma Birimi (AKUB) \u00fcyesi \u00f6\u011fretmenlerce \u00f6\u011frencilere; afet&#8230;<\/p>\n","protected":false},"author":1,"featured_media":24441,"comment_status":"open","ping_status":"open","sticky":false,"template":"","format":"standard","meta":{"_crdt_document":"","footnotes":""},"categories":[1],"tags":[],"class_list":["post-24440","post","type-post","status-publish","format-standard","has-post-thumbnail","hentry","category-guncel"],"_links":{"self":[{"href":"https:\/\/www.egemtv.com\/index.php?rest_route=\/wp\/v2\/posts\/24440","targetHints":{"allow":["GET"]}}],"collection":[{"href":"https:\/\/www.egemtv.com\/index.php?rest_route=\/wp\/v2\/posts"}],"about":[{"href":"https:\/\/www.egemtv.com\/index.php?rest_route=\/wp\/v2\/types\/post"}],"author":[{"embeddable":true,"href":"https:\/\/www.egemtv.com\/index.php?rest_route=\/wp\/v2\/users\/1"}],"replies":[{"embeddable":true,"href":"https:\/\/www.egemtv.com\/index.php?rest_route=%2Fwp%2Fv2%2Fcomments&post=24440"}],"version-history":[{"count":1,"href":"https:\/\/www.egemtv.com\/index.php?rest_route=\/wp\/v2\/posts\/24440\/revisions"}],"predecessor-version":[{"id":24442,"href":"https:\/\/www.egemtv.com\/index.php?rest_route=\/wp\/v2\/posts\/24440\/revisions\/24442"}],"wp:featuredmedia":[{"embeddable":true,"href":"https:\/\/www.egemtv.com\/index.php?rest_route=\/wp\/v2\/media\/24441"}],"wp:attachment":[{"href":"https:\/\/www.egemtv.com\/index.php?rest_route=%2Fwp%2Fv2%2Fmedia&parent=24440"}],"wp:term":[{"taxonomy":"category","embeddable":true,"href":"https:\/\/www.egemtv.com\/index.php?rest_route=%2Fwp%2Fv2%2Fcategories&post=24440"},{"taxonomy":"post_tag","embeddable":true,"href":"https:\/\/www.egemtv.com\/index.php?rest_route=%2Fwp%2Fv2%2Ftags&post=24440"}],"curies":[{"name":"wp","href":"https:\/\/api.w.org\/{rel}","templated":true}]}}