{"id":24434,"date":"2025-03-07T10:07:34","date_gmt":"2025-03-07T07:07:34","guid":{"rendered":"https:\/\/www.egemtv.com\/?p=24434"},"modified":"2025-03-07T10:07:38","modified_gmt":"2025-03-07T07:07:38","slug":"denizlide-akbas-baraji-alarm-veriyor","status":"publish","type":"post","link":"https:\/\/www.egemtv.com\/?p=24434","title":{"rendered":"Denizli\u2019de Akba\u015f Baraj\u0131 alarm veriyor"},"content":{"rendered":"<p>DESK\u0130, mevsimsel kurakl\u0131k nedeniyle su kaynaklar\u0131nda ciddi azalma ya\u015fand\u0131\u011f\u0131n\u0131 duyurdu.  K\u0131\u015f mevsiminde yeterince ya\u011f\u0131\u015f al\u0131nmamas\u0131 sebebiyle Akba\u015f Baraj\u0131\u2019n\u0131n doluluk oran\u0131 y\u00fczde 23 seviyesinde kal\u0131rken, yeralt\u0131 su seviyeleri geriliyor. Su k\u0131tl\u0131\u011f\u0131na kar\u015f\u0131 harekete ge\u00e7en B\u00fcy\u00fck\u015fehir DESK\u0130, su kay\u0131plar\u0131n\u0131 \u00f6nlemek ve \u015febeke y\u00f6netimini iyile\u015ftirmek i\u00e7in teknolojik yat\u0131r\u0131mlara ba\u015flad\u0131. Bas\u0131n\u00e7 y\u00f6netim sistemleri ve alt \u00f6l\u00e7\u00fcm b\u00f6lgeleriyle suyun verimli kullan\u0131m\u0131 hedefleniyor.<\/p>\n<p>Denizli Su ve Kanalizasyon \u0130daresi (DESK\u0130) taraf\u0131ndan, mevsimsel ya\u011f\u0131\u015flardaki d\u00fc\u015f\u00fc\u015f ve kurakl\u0131k sebebiyle Akba\u015f Baraj\u0131\u2019n\u0131n doluluk oran\u0131n\u0131n y\u00fczde 23 oldu\u011fu ve yeralt\u0131 su seviyesindeki azalmalar nedeniyle \u015fehrin su stresi alt\u0131nda oldu\u011fu ve iklim de\u011fi\u015fikli\u011finin olumsuz etkileriyle birlikte su k\u0131tl\u0131\u011f\u0131 tehlikesinin artt\u0131\u011f\u0131 uyar\u0131s\u0131 yap\u0131ld\u0131. DESK\u0130, su verimlili\u011fini art\u0131rmak ve su kaynaklar\u0131n\u0131n s\u00fcrd\u00fcr\u00fclebilirli\u011fini sa\u011flamak i\u00e7in ivedilikle harekete ge\u00e7ilmesi gerekti\u011finin alt\u0131n\u0131 \u00e7izdi.<\/p>\n<p>Su k\u0131tl\u0131\u011f\u0131na kar\u015f\u0131 ak\u0131ll\u0131 \u00e7\u00f6z\u00fcmler devrede<br \/>\n<br \/>Denizli\u2019de su kay\u0131plar\u0131na kar\u015f\u0131 teknolojik hamle yaparak su k\u0131tl\u0131\u011f\u0131 tehlikesine kar\u015f\u0131 harekete ge\u00e7en DESK\u0130, su kay\u0131plar\u0131n\u0131 \u00f6nlemek ve suyun uzaktan y\u00f6netimini sa\u011flamak amac\u0131yla ilave yat\u0131r\u0131mlar yapacak. Bu kapsamda mevcut \u015febekede &#8220;Alt \u00d6l\u00e7\u00fcm B\u00f6lgeleri&#8221; olu\u015fturuldu\u011fu, debimetre ve bas\u0131n\u00e7 y\u00f6netimi ekipmanlar\u0131n\u0131n devreye al\u0131nd\u0131\u011f\u0131 belirtildi. Bas\u0131n\u00e7 y\u00f6netim sistemini devreye alarak, \u015febekenin y\u00f6netmeliklerde belirtilen i\u015fletme bas\u0131nc\u0131na al\u0131nmas\u0131 i\u00e7in \u00e7al\u0131\u015fmalar\u0131n\u0131 h\u0131zla s\u00fcrd\u00fcren DESK\u0130 ekipleri, \u015fehrin farkl\u0131 noktalar\u0131nda yo\u011fun bir mesai harc\u0131yor.<\/p>\n<p>B\u00f6lgesel kontrol ile su kesintileri en aza iniyor<br \/>\n<br \/>Bas\u0131n\u00e7 y\u00f6netimi uygulamalar\u0131 sayesinde y\u00fcksek bas\u0131n\u00e7 nedeniyle olu\u015fan \u015febeke ar\u0131zalar\u0131n\u0131n azalmas\u0131 sa\u011flanmakta ve ayr\u0131ca olu\u015fan \u015febeke ar\u0131zalar\u0131na daha h\u0131zl\u0131 m\u00fcdahale edilebildi\u011fi belirtildi. Kentin farkl\u0131 noktalar\u0131nda kurulan \u00f6l\u00e7\u00fcm b\u00f6lgeleri sayesinde b\u00f6lge bazl\u0131 \u015febeke kontrol\u00fc sa\u011flanarak, ar\u0131za durumunda su kesintilerinin b\u00f6lgesel bazl\u0131 yap\u0131lmas\u0131na imkan sa\u011flan\u0131yor. B\u00fcy\u00fck\u015fehir DESK\u0130\u2019nin su kay\u0131p ve ka\u00e7aklar ile m\u00fccadelesinin aral\u0131ks\u0131z s\u00fcrd\u00fc\u011f\u00fc hat\u0131rlat\u0131ld\u0131.<br \/><\/p>\n","protected":false},"excerpt":{"rendered":"<p>DESK\u0130, mevsimsel kurakl\u0131k nedeniyle su kaynaklar\u0131nda ciddi azalma ya\u015fand\u0131\u011f\u0131n\u0131 duyurdu. K\u0131\u015f mevsiminde yeterince ya\u011f\u0131\u015f al\u0131nmamas\u0131 sebebiyle Akba\u015f Baraj\u0131\u2019n\u0131n doluluk oran\u0131 y\u00fczde 23 seviyesinde kal\u0131rken, yeralt\u0131 su seviyeleri geriliyor. Su k\u0131tl\u0131\u011f\u0131na kar\u015f\u0131 harekete ge\u00e7en B\u00fcy\u00fck\u015fehir DESK\u0130, su kay\u0131plar\u0131n\u0131 \u00f6nlemek ve \u015febeke y\u00f6netimini iyile\u015ftirmek i\u00e7in teknolojik yat\u0131r\u0131mlara ba\u015flad\u0131. Bas\u0131n\u00e7 y\u00f6netim sistemleri ve alt \u00f6l\u00e7\u00fcm b\u00f6lgeleriyle suyun verimli&#8230;<\/p>\n","protected":false},"author":1,"featured_media":24435,"comment_status":"open","ping_status":"open","sticky":false,"template":"","format":"standard","meta":{"_crdt_document":"","footnotes":""},"categories":[1],"tags":[],"class_list":["post-24434","post","type-post","status-publish","format-standard","has-post-thumbnail","hentry","category-guncel"],"_links":{"self":[{"href":"https:\/\/www.egemtv.com\/index.php?rest_route=\/wp\/v2\/posts\/24434","targetHints":{"allow":["GET"]}}],"collection":[{"href":"https:\/\/www.egemtv.com\/index.php?rest_route=\/wp\/v2\/posts"}],"about":[{"href":"https:\/\/www.egemtv.com\/index.php?rest_route=\/wp\/v2\/types\/post"}],"author":[{"embeddable":true,"href":"https:\/\/www.egemtv.com\/index.php?rest_route=\/wp\/v2\/users\/1"}],"replies":[{"embeddable":true,"href":"https:\/\/www.egemtv.com\/index.php?rest_route=%2Fwp%2Fv2%2Fcomments&post=24434"}],"version-history":[{"count":1,"href":"https:\/\/www.egemtv.com\/index.php?rest_route=\/wp\/v2\/posts\/24434\/revisions"}],"predecessor-version":[{"id":24436,"href":"https:\/\/www.egemtv.com\/index.php?rest_route=\/wp\/v2\/posts\/24434\/revisions\/24436"}],"wp:featuredmedia":[{"embeddable":true,"href":"https:\/\/www.egemtv.com\/index.php?rest_route=\/wp\/v2\/media\/24435"}],"wp:attachment":[{"href":"https:\/\/www.egemtv.com\/index.php?rest_route=%2Fwp%2Fv2%2Fmedia&parent=24434"}],"wp:term":[{"taxonomy":"category","embeddable":true,"href":"https:\/\/www.egemtv.com\/index.php?rest_route=%2Fwp%2Fv2%2Fcategories&post=24434"},{"taxonomy":"post_tag","embeddable":true,"href":"https:\/\/www.egemtv.com\/index.php?rest_route=%2Fwp%2Fv2%2Ftags&post=24434"}],"curies":[{"name":"wp","href":"https:\/\/api.w.org\/{rel}","templated":true}]}}