{"id":24431,"date":"2025-03-07T09:50:21","date_gmt":"2025-03-07T06:50:21","guid":{"rendered":"https:\/\/www.egemtv.com\/?p=24431"},"modified":"2025-03-07T09:50:23","modified_gmt":"2025-03-07T06:50:23","slug":"denizli-osb-3-bin-universite-ogrencisini-geleneksel-iftar-sofrasinda-agirliyor","status":"publish","type":"post","link":"https:\/\/www.egemtv.com\/?p=24431","title":{"rendered":"Denizli OSB 3 bin \u00fcniversite \u00f6\u011frencisini geleneksel iftar sofras\u0131nda a\u011f\u0131rl\u0131yor"},"content":{"rendered":"<p>Denizli Organize Sanayi B\u00f6lgesi (OSB) M\u00fcd\u00fcrl\u00fc\u011f\u00fc, Pamukkale \u00dcniversitesinde e\u011fitim g\u00f6ren 3 bin \u00f6\u011frenciyi her g\u00fcn geleneksel iftar program\u0131nda bulu\u015fturuyor.<\/p>\n<p>Denizli Organize Sanayi B\u00f6lgesi M\u00fcd\u00fcrl\u00fc\u011f\u00fcn\u00fcn her y\u0131l Ramazan ay\u0131nda geleneksel olarak d\u00fczenledi\u011fi iftar yeme\u011fi, bu y\u0131l da b\u00fcy\u00fck bir kat\u0131l\u0131mla devam ediyor. Birlik ve beraberlik ruhunun \u00f6n planda tutuldu\u011fu organizasyona, \u00f6zellikle Pamukkale \u00dcniversitesi \u00f6\u011frencileri yo\u011fun ilgi g\u00f6steriyor. Bu anlaml\u0131 etkinlik, B\u00f6lge sanayicileri ve \u00f6\u011frenciler aras\u0131nda g\u00fc\u00e7l\u00fc bir dayan\u0131\u015fma ortam\u0131 olu\u015fturuyor.<\/p>\n<p>Denizli Organize Sanayi B\u00f6lgesi Y\u00f6netim Kurulu Ba\u015fkan\u0131 Derya Baltal\u0131, etkinlik hakk\u0131nda yapt\u0131\u011f\u0131 a\u00e7\u0131klamada: &#8220;B\u00f6lgemizdeki firmalar, Ramazan Ay\u0131 boyunca Pamukkale \u00dcniversitesi \u00f6\u011frencilerimize y\u00f6nelik olarak M\u00fcft\u00fc Ahmet Hulusi Efendi Cami ve K\u00fclliyesi\u2019nde iftar yeme\u011fi d\u00fczenliyor. Bu iftar program\u0131, her g\u00fcn 3.000 \u00f6\u011frencimizin orucunu hep birlikte a\u00e7t\u0131\u011f\u0131 anlaml\u0131 bir bulu\u015fmaya d\u00f6n\u00fc\u015f\u00fcyor. Bizler, bu organizasyonu Ramazan\u2019\u0131n manevi atmosferine uygun bir \u015fekilde, \u00f6\u011frencilere moral ve huzur kayna\u011f\u0131 olmas\u0131 amac\u0131yla ger\u00e7ekle\u015ftiriyoruz. Bu g\u00fczel birlikteli\u011fi sa\u011flayan ve katk\u0131 veren t\u00fcm sanayicilerimize i\u00e7tenlikle te\u015fekk\u00fcr ediyorum.&#8221; dedi.<\/p>\n<p>Ramazan ay\u0131 boyunca devam edecek olan bu iftar program\u0131, b\u00f6lgedeki dayan\u0131\u015fma ruhunu peki\u015ftiren \u00f6nemli bir etkinlik haline geldi. Sanayiciler, \u00f6\u011frenciler ve yerel halk\u0131n kat\u0131l\u0131m\u0131yla her g\u00fcn ger\u00e7ekle\u015fen iftar yeme\u011fi, sadece oru\u00e7 a\u00e7makla kalmay\u0131p, ayn\u0131 zamanda sosyal ba\u011flar\u0131 g\u00fc\u00e7lendiren ve insanlar\u0131n bir araya gelmesini sa\u011flayan \u00f6nemli bir f\u0131rsat sunuyor. Ayr\u0131ca, organizasyonun her y\u0131l artan kat\u0131l\u0131m\u0131, toplumsal dayan\u0131\u015fman\u0131n ve yard\u0131mla\u015fman\u0131n ne kadar de\u011ferli oldu\u011funu bir kez daha g\u00f6zler \u00f6n\u00fcne seriyor.<br \/><\/p>\n","protected":false},"excerpt":{"rendered":"<p>Denizli Organize Sanayi B\u00f6lgesi (OSB) M\u00fcd\u00fcrl\u00fc\u011f\u00fc, Pamukkale \u00dcniversitesinde e\u011fitim g\u00f6ren 3 bin \u00f6\u011frenciyi her g\u00fcn geleneksel iftar program\u0131nda bulu\u015fturuyor. Denizli Organize Sanayi B\u00f6lgesi M\u00fcd\u00fcrl\u00fc\u011f\u00fcn\u00fcn her y\u0131l Ramazan ay\u0131nda geleneksel olarak d\u00fczenledi\u011fi iftar yeme\u011fi, bu y\u0131l da b\u00fcy\u00fck bir kat\u0131l\u0131mla devam ediyor. Birlik ve beraberlik ruhunun \u00f6n planda tutuldu\u011fu organizasyona, \u00f6zellikle Pamukkale \u00dcniversitesi \u00f6\u011frencileri yo\u011fun ilgi&#8230;<\/p>\n","protected":false},"author":1,"featured_media":24432,"comment_status":"open","ping_status":"open","sticky":false,"template":"","format":"standard","meta":{"_crdt_document":"","footnotes":""},"categories":[123],"tags":[],"class_list":["post-24431","post","type-post","status-publish","format-standard","has-post-thumbnail","hentry","category-gundem"],"_links":{"self":[{"href":"https:\/\/www.egemtv.com\/index.php?rest_route=\/wp\/v2\/posts\/24431","targetHints":{"allow":["GET"]}}],"collection":[{"href":"https:\/\/www.egemtv.com\/index.php?rest_route=\/wp\/v2\/posts"}],"about":[{"href":"https:\/\/www.egemtv.com\/index.php?rest_route=\/wp\/v2\/types\/post"}],"author":[{"embeddable":true,"href":"https:\/\/www.egemtv.com\/index.php?rest_route=\/wp\/v2\/users\/1"}],"replies":[{"embeddable":true,"href":"https:\/\/www.egemtv.com\/index.php?rest_route=%2Fwp%2Fv2%2Fcomments&post=24431"}],"version-history":[{"count":1,"href":"https:\/\/www.egemtv.com\/index.php?rest_route=\/wp\/v2\/posts\/24431\/revisions"}],"predecessor-version":[{"id":24433,"href":"https:\/\/www.egemtv.com\/index.php?rest_route=\/wp\/v2\/posts\/24431\/revisions\/24433"}],"wp:featuredmedia":[{"embeddable":true,"href":"https:\/\/www.egemtv.com\/index.php?rest_route=\/wp\/v2\/media\/24432"}],"wp:attachment":[{"href":"https:\/\/www.egemtv.com\/index.php?rest_route=%2Fwp%2Fv2%2Fmedia&parent=24431"}],"wp:term":[{"taxonomy":"category","embeddable":true,"href":"https:\/\/www.egemtv.com\/index.php?rest_route=%2Fwp%2Fv2%2Fcategories&post=24431"},{"taxonomy":"post_tag","embeddable":true,"href":"https:\/\/www.egemtv.com\/index.php?rest_route=%2Fwp%2Fv2%2Ftags&post=24431"}],"curies":[{"name":"wp","href":"https:\/\/api.w.org\/{rel}","templated":true}]}}