{"id":24425,"date":"2025-03-07T09:50:15","date_gmt":"2025-03-07T06:50:15","guid":{"rendered":"https:\/\/www.egemtv.com\/?p=24425"},"modified":"2025-03-07T09:50:16","modified_gmt":"2025-03-07T06:50:16","slug":"jandarma-universite-ogrencilerini-misafir-etti","status":"publish","type":"post","link":"https:\/\/www.egemtv.com\/?p=24425","title":{"rendered":"Jandarma, \u00fcniversite \u00f6\u011frencilerini misafir etti"},"content":{"rendered":"<p>Ayd\u0131n \u0130l Jandarma Komutanl\u0131\u011f\u0131 ekipleri Ye\u015filay Haftas\u0131 kapsam\u0131nda \u00fcniversite \u00f6\u011frencilerini misafir etti.<\/p>\n<p>01-07 Mart Ye\u015filay Haftas\u0131 kapsam\u0131nda, Ye\u015filay Ayd\u0131n \u015eubesi personelleri ile Ye\u015filay g\u00f6n\u00fcll\u00fcs\u00fc \u00fcniversite \u00f6\u011frencileri \u0130l Jandarma Komutanl\u0131\u011f\u0131\u2019nda misafir edildi. D\u00fczenlenen etkinlikte Jandarma ve Jandarma Filo Komutanl\u0131\u011f\u0131 ile Jandarma \u0130HA Komutanl\u0131\u011f\u0131 \u00fcniversite \u00f6\u011frencilerine tan\u0131t\u0131ld\u0131. Ye\u015filay g\u00f6n\u00fcll\u00fcs\u00fc \u00fcniversite \u00f6\u011frencileri d\u00fczenlenen etkinlik i\u00e7in jandarma personellerine te\u015fekk\u00fcr etti.<br \/><\/p>\n","protected":false},"excerpt":{"rendered":"<p>Ayd\u0131n \u0130l Jandarma Komutanl\u0131\u011f\u0131 ekipleri Ye\u015filay Haftas\u0131 kapsam\u0131nda \u00fcniversite \u00f6\u011frencilerini misafir etti. 01-07 Mart Ye\u015filay Haftas\u0131 kapsam\u0131nda, Ye\u015filay Ayd\u0131n \u015eubesi personelleri ile Ye\u015filay g\u00f6n\u00fcll\u00fcs\u00fc \u00fcniversite \u00f6\u011frencileri \u0130l Jandarma Komutanl\u0131\u011f\u0131\u2019nda misafir edildi. D\u00fczenlenen etkinlikte Jandarma ve Jandarma Filo Komutanl\u0131\u011f\u0131 ile Jandarma \u0130HA Komutanl\u0131\u011f\u0131 \u00fcniversite \u00f6\u011frencilerine tan\u0131t\u0131ld\u0131. Ye\u015filay g\u00f6n\u00fcll\u00fcs\u00fc \u00fcniversite \u00f6\u011frencileri d\u00fczenlenen etkinlik i\u00e7in jandarma personellerine te\u015fekk\u00fcr&#8230;<\/p>\n","protected":false},"author":1,"featured_media":24426,"comment_status":"open","ping_status":"open","sticky":false,"template":"","format":"standard","meta":{"_crdt_document":"","footnotes":""},"categories":[5],"tags":[],"class_list":["post-24425","post","type-post","status-publish","format-standard","has-post-thumbnail","hentry","category-asayis"],"_links":{"self":[{"href":"https:\/\/www.egemtv.com\/index.php?rest_route=\/wp\/v2\/posts\/24425","targetHints":{"allow":["GET"]}}],"collection":[{"href":"https:\/\/www.egemtv.com\/index.php?rest_route=\/wp\/v2\/posts"}],"about":[{"href":"https:\/\/www.egemtv.com\/index.php?rest_route=\/wp\/v2\/types\/post"}],"author":[{"embeddable":true,"href":"https:\/\/www.egemtv.com\/index.php?rest_route=\/wp\/v2\/users\/1"}],"replies":[{"embeddable":true,"href":"https:\/\/www.egemtv.com\/index.php?rest_route=%2Fwp%2Fv2%2Fcomments&post=24425"}],"version-history":[{"count":1,"href":"https:\/\/www.egemtv.com\/index.php?rest_route=\/wp\/v2\/posts\/24425\/revisions"}],"predecessor-version":[{"id":24427,"href":"https:\/\/www.egemtv.com\/index.php?rest_route=\/wp\/v2\/posts\/24425\/revisions\/24427"}],"wp:featuredmedia":[{"embeddable":true,"href":"https:\/\/www.egemtv.com\/index.php?rest_route=\/wp\/v2\/media\/24426"}],"wp:attachment":[{"href":"https:\/\/www.egemtv.com\/index.php?rest_route=%2Fwp%2Fv2%2Fmedia&parent=24425"}],"wp:term":[{"taxonomy":"category","embeddable":true,"href":"https:\/\/www.egemtv.com\/index.php?rest_route=%2Fwp%2Fv2%2Fcategories&post=24425"},{"taxonomy":"post_tag","embeddable":true,"href":"https:\/\/www.egemtv.com\/index.php?rest_route=%2Fwp%2Fv2%2Ftags&post=24425"}],"curies":[{"name":"wp","href":"https:\/\/api.w.org\/{rel}","templated":true}]}}