{"id":24422,"date":"2025-03-07T09:50:10","date_gmt":"2025-03-07T06:50:10","guid":{"rendered":"https:\/\/www.egemtv.com\/?p=24422"},"modified":"2025-03-07T09:50:15","modified_gmt":"2025-03-07T06:50:15","slug":"dso-baskani-kasapoglu-faiz-indirimi-enflasyonla-mucadele-ve-finansmana-ulasim-icin-onemli-bir-adim","status":"publish","type":"post","link":"https:\/\/www.egemtv.com\/?p=24422","title":{"rendered":"DSO Ba\u015fkan\u0131 Kasapo\u011flu; &#8220;Faiz indirimi enflasyonla m\u00fccadele ve finansmana ula\u015f\u0131m i\u00e7in \u00f6nemli bir ad\u0131m&#8221;"},"content":{"rendered":"<p>Denizli Sanayi Odas\u0131 (DSO) Y\u00f6netim Kurulu Ba\u015fkan\u0131 Selim Kasapo\u011flu, Merkez Bankas\u0131 taraf\u0131ndan al\u0131nan faiz indirimi karar\u0131n\u0131n sanayicilerin finansmana eri\u015fimine pozitif etki yapt\u0131\u011f\u0131n\u0131 belirterek; &#8220;Faiz indirimi, ekonominin b\u00fcy\u00fcme hedeflerine ula\u015fmas\u0131 i\u00e7in enflasyonla m\u00fccadelede daha fazla esneklik sa\u011flanmas\u0131 ad\u0131na \u00f6nemli bir ad\u0131m&#8221; dedi.<\/p>\n<p>Denizli Sanayi Odas\u0131 (DSP) Y\u00f6netim Kurulu Ba\u015fkan\u0131 Selim Kasapo\u011flu, T\u00fcrkiye Cumhuriyeti Merkez Bankas\u0131n\u0131n (TCMB) faiz karar\u0131n\u0131 de\u011ferlendirdi. Ba\u015fkan Kasapo\u011flu, yapt\u0131\u011f\u0131 a\u00e7\u0131klamada; &#8220;T\u00fcrkiye Cumhuriyet Merkez Bankas\u0131, politika faizini 250 baz puan indirerek, y\u00fczde 45\u2019ten y\u00fczde 42,5\u2019e \u00e7ekti. \u00d6nc\u00fc g\u00f6stergeler ve yap\u0131lan a\u00e7\u0131klamalar bize faiz indiriminin sinyallerini zaten veriyordu. 2024 y\u0131l\u0131nda ba\u015flayan ve kademeli olarak d\u00fc\u015f\u00fcr\u00fclen faizler, ad\u0131mlar\u0131n kararl\u0131l\u0131kla uyguland\u0131\u011f\u0131n\u0131 bizlere i\u015faret etmekle birlikte, sanayiimizin finansmana eri\u015fimi i\u00e7in de pozitif y\u00f6nl\u00fc seyir \u00e7iziyor. Bu kararla birlikte, Merkez Bankas\u0131 politika faizi 3 ayda 7,5 puan inmi\u015f oldu. Bu karar, piyasa taraf\u0131ndan beklenen bir hamleydi ve ekonominin b\u00fcy\u00fcme hedeflerine ula\u015fmas\u0131 i\u00e7in enflasyonla m\u00fccadelede daha fazla esneklik sa\u011flanmas\u0131 ad\u0131na \u00f6nemli bir ad\u0131m. Bu indirimin ekonomi i\u00e7in \u00e7e\u015fitli sonu\u00e7lar\u0131 ve sekt\u00f6rler \u00fczerindeki etkileri olacak. Yat\u0131r\u0131m kararlar\u0131, kredi maliyetleri ve likidite a\u00e7\u0131s\u0131ndan kritik \u00f6neme sahip olan faiz oranlar\u0131n\u0131n d\u00fc\u015f\u00fcr\u00fclmesi, \u00fcretim kapasitesinin geni\u015flemesine ve istihdam\u0131n artmas\u0131na imkan tan\u0131yacakt\u0131r. T\u00fcrkiye\u2019nin sanayi sekt\u00f6r\u00fc, \u00f6zellikle b\u00fcy\u00fcmeye odaklanan KOB\u0130\u2019ler i\u00e7in faiz oranlar\u0131ndaki d\u00fc\u015f\u00fc\u015f \u00f6nemli bir f\u0131rsat sunuyor. Ancak bu indirim kararlar\u0131n\u0131n do\u011fru zamanda do\u011fru oranla yap\u0131lmas\u0131 \u00f6nemli. Zira, enflasyon beklentilerinin ve fiyatlama davran\u0131\u015flar\u0131n\u0131n hala risk unsuru ta\u015f\u0131d\u0131\u011f\u0131 unutulmamal\u0131d\u0131r&#8221; diye konu\u015ftu.<\/p>\n<p>&#8220;Sanayicilerin g\u00fcnl\u00fck i\u015fleyi\u015fini s\u00fcrd\u00fcrebilmesi i\u00e7in g\u00fc\u00e7l\u00fc bir nakit ak\u0131\u015f\u0131na ihtiya\u00e7lar\u0131 var&#8221; diyen Ba\u015fkan Kasapo\u011flu, a\u00e7\u0131klamas\u0131n\u0131 \u015fu ifadelerde tamamlad\u0131:<br \/>\n<br \/>&#8220;Burada vurgulanmas\u0131 gereken husus, ticari kredilerde de paralel indirimlerin uygulanmas\u0131d\u0131r. Sanayicilerimiz, \u00f6ncelikle KOB\u0130 kredilerinden ba\u015flayarak ticari kredilere ili\u015fkin b\u00fcy\u00fcme k\u0131s\u0131tlar\u0131n\u0131n g\u00f6zden ge\u00e7irilmesini bekliyor. Mevduat faizlerine yans\u0131t\u0131lan bu indirimlerin, ticari kredi faizlerinde de paralel olarak d\u00fc\u015f\u00fcr\u00fclmesini talep ediyoruz. \u00dcstelik ticari kredi b\u00fcy\u00fcmesine getirilen s\u0131n\u0131rlamalar ekonomide maliyetleri art\u0131r\u0131p, arz\u0131 k\u0131s\u0131tlayarak enflasyonist bask\u0131 da olu\u015fturmaktad\u0131r. Enflasyonist bask\u0131lar\u0131n azalt\u0131lmas\u0131, sanayi sekt\u00f6r\u00fcn\u00fcn maliyet yap\u0131s\u0131n\u0131 korumas\u0131 ad\u0131na \u00f6nemlidir. \u00dcretim s\u00fcre\u00e7lerinin aksamadan devam etmesi ve i\u015fletmelerin likidite problemleriyle ba\u015fa \u00e7\u0131kabilmeleri ad\u0131na at\u0131lacak ad\u0131mlar\u0131 \u00f6nemsiyoruz. Bug\u00fcn \u00fcretime, yat\u0131r\u0131ma ve istihdama sa\u011flanan destek, ge\u00e7mi\u015fte oldu\u011fundan daha b\u00fcy\u00fck bir \u00f6nem ta\u015f\u0131maktad\u0131r&#8221;<br \/><\/p>\n","protected":false},"excerpt":{"rendered":"<p>Denizli Sanayi Odas\u0131 (DSO) Y\u00f6netim Kurulu Ba\u015fkan\u0131 Selim Kasapo\u011flu, Merkez Bankas\u0131 taraf\u0131ndan al\u0131nan faiz indirimi karar\u0131n\u0131n sanayicilerin finansmana eri\u015fimine pozitif etki yapt\u0131\u011f\u0131n\u0131 belirterek; &#8220;Faiz indirimi, ekonominin b\u00fcy\u00fcme hedeflerine ula\u015fmas\u0131 i\u00e7in enflasyonla m\u00fccadelede daha fazla esneklik sa\u011flanmas\u0131 ad\u0131na \u00f6nemli bir ad\u0131m&#8221; dedi. Denizli Sanayi Odas\u0131 (DSP) Y\u00f6netim Kurulu Ba\u015fkan\u0131 Selim Kasapo\u011flu, T\u00fcrkiye Cumhuriyeti Merkez Bankas\u0131n\u0131n (TCMB)&#8230;<\/p>\n","protected":false},"author":1,"featured_media":24423,"comment_status":"open","ping_status":"open","sticky":false,"template":"","format":"standard","meta":{"_crdt_document":"","footnotes":""},"categories":[125],"tags":[],"class_list":["post-24422","post","type-post","status-publish","format-standard","has-post-thumbnail","hentry","category-ekonomi"],"_links":{"self":[{"href":"https:\/\/www.egemtv.com\/index.php?rest_route=\/wp\/v2\/posts\/24422","targetHints":{"allow":["GET"]}}],"collection":[{"href":"https:\/\/www.egemtv.com\/index.php?rest_route=\/wp\/v2\/posts"}],"about":[{"href":"https:\/\/www.egemtv.com\/index.php?rest_route=\/wp\/v2\/types\/post"}],"author":[{"embeddable":true,"href":"https:\/\/www.egemtv.com\/index.php?rest_route=\/wp\/v2\/users\/1"}],"replies":[{"embeddable":true,"href":"https:\/\/www.egemtv.com\/index.php?rest_route=%2Fwp%2Fv2%2Fcomments&post=24422"}],"version-history":[{"count":1,"href":"https:\/\/www.egemtv.com\/index.php?rest_route=\/wp\/v2\/posts\/24422\/revisions"}],"predecessor-version":[{"id":24424,"href":"https:\/\/www.egemtv.com\/index.php?rest_route=\/wp\/v2\/posts\/24422\/revisions\/24424"}],"wp:featuredmedia":[{"embeddable":true,"href":"https:\/\/www.egemtv.com\/index.php?rest_route=\/wp\/v2\/media\/24423"}],"wp:attachment":[{"href":"https:\/\/www.egemtv.com\/index.php?rest_route=%2Fwp%2Fv2%2Fmedia&parent=24422"}],"wp:term":[{"taxonomy":"category","embeddable":true,"href":"https:\/\/www.egemtv.com\/index.php?rest_route=%2Fwp%2Fv2%2Fcategories&post=24422"},{"taxonomy":"post_tag","embeddable":true,"href":"https:\/\/www.egemtv.com\/index.php?rest_route=%2Fwp%2Fv2%2Ftags&post=24422"}],"curies":[{"name":"wp","href":"https:\/\/api.w.org\/{rel}","templated":true}]}}