{"id":2442,"date":"2025-01-03T15:26:09","date_gmt":"2025-01-03T12:26:09","guid":{"rendered":"https:\/\/www.egemtv.com\/?p=2442"},"modified":"2025-01-03T15:26:11","modified_gmt":"2025-01-03T12:26:11","slug":"muglanin-5-ilcesi-icin-siddetli-yagis-uyarisi","status":"publish","type":"post","link":"https:\/\/www.egemtv.com\/?p=2442","title":{"rendered":"Mu\u011fla\u2019n\u0131n 5 il\u00e7esi i\u00e7in \u015fiddetli ya\u011f\u0131\u015f uyar\u0131s\u0131"},"content":{"rendered":"<p>Meteoroloji 4. B\u00f6lge M\u00fcd\u00fcrl\u00fc\u011f\u00fc B\u00f6lge Tahmin ve Uyar\u0131 Merkezinden yap\u0131lan uyar\u0131da, Mu\u011fla\u2019n\u0131n Ula, Marmaris, Dalaman, K\u00f6yce\u011fiz ve Ortaca il\u00e7eleri i\u00e7in \u015fiddetli ya\u011f\u0131\u015f uyar\u0131s\u0131 yap\u0131ld\u0131.<br \/>\n<br \/>Yap\u0131lan uyar\u0131da, \u201cYap\u0131lan son de\u011ferlendirmelere g\u00f6re; 03.01.2025 Cuma gece saatlerinden itibaren Mu\u011fla il genelinde yerel kuvvetli (21-50 kg\/m2), Ula, Marmaris, K\u00f6yce\u011fiz, Ortaca ve Dalaman civarlar\u0131nda \u00e7ok kuvvetli (51-75 kg\/m2), yer yer \u015fiddetli (76-100 kg\/m2) ve zaman zaman a\u015f\u0131r\u0131 (100 kg\/m2 ve \u00fczeri) sa\u011fanak ve g\u00f6k g\u00fcr\u00fclt\u00fcl\u00fc sa\u011fanak ya\u011f\u0131\u015f beklendi\u011finden ula\u015f\u0131mda aksamalar, su bask\u0131n\u0131, sel, heyelan, y\u0131ld\u0131r\u0131m, ya\u011f\u0131\u015f an\u0131nda kuvvetli r\u00fczgar, hortum gibi olumsuzluklara kar\u015f\u0131 dikkatli ve tedbirli olunmal\u0131d\u0131r\u201d denildi.<br \/>\n<br \/><div id='gallery-1' class='gallery galleryid-2442 gallery-columns-3 gallery-size-thumbnail'><figure class='gallery-item'>\n\t\t\t<div class='gallery-icon landscape'>\n\t\t\t\t<a href='https:\/\/www.egemtv.com\/?attachment_id=2443'><img decoding=\"async\" width=\"150\" height=\"150\" src=\"https:\/\/www.egemtv.com\/wp-content\/uploads\/2025\/01\/muglanin-5-ilcesi-icin-siddetli-yagis-uyarisi_2b4c7df6fb80-150x150.jpg\" class=\"attachment-thumbnail size-thumbnail not-transparent\" alt=\"\" data-has-transparency=\"false\" data-dominant-color=\"9a9a95\" style=\"--dominant-color: #9a9a95;\" \/><\/a>\n\t\t\t<\/div><\/figure>\n\t\t<\/div>\n<\/p>\n","protected":false},"excerpt":{"rendered":"<p>Meteoroloji 4. B\u00f6lge M\u00fcd\u00fcrl\u00fc\u011f\u00fc B\u00f6lge Tahmin ve Uyar\u0131 Merkezinden yap\u0131lan uyar\u0131da, Mu\u011fla\u2019n\u0131n Ula, Marmaris, Dalaman, K\u00f6yce\u011fiz ve Ortaca il\u00e7eleri i\u00e7in \u015fiddetli ya\u011f\u0131\u015f uyar\u0131s\u0131 yap\u0131ld\u0131. Yap\u0131lan uyar\u0131da, \u201cYap\u0131lan son de\u011ferlendirmelere g\u00f6re; 03.01.2025 Cuma gece saatlerinden itibaren Mu\u011fla il genelinde yerel kuvvetli (21-50 kg\/m2), Ula, Marmaris, K\u00f6yce\u011fiz, Ortaca ve Dalaman civarlar\u0131nda \u00e7ok kuvvetli (51-75 kg\/m2), yer yer&#8230;<\/p>\n","protected":false},"author":1,"featured_media":2443,"comment_status":"open","ping_status":"open","sticky":false,"template":"","format":"standard","meta":{"_crdt_document":"","footnotes":""},"categories":[1],"tags":[],"class_list":["post-2442","post","type-post","status-publish","format-standard","has-post-thumbnail","hentry","category-guncel"],"_links":{"self":[{"href":"https:\/\/www.egemtv.com\/index.php?rest_route=\/wp\/v2\/posts\/2442","targetHints":{"allow":["GET"]}}],"collection":[{"href":"https:\/\/www.egemtv.com\/index.php?rest_route=\/wp\/v2\/posts"}],"about":[{"href":"https:\/\/www.egemtv.com\/index.php?rest_route=\/wp\/v2\/types\/post"}],"author":[{"embeddable":true,"href":"https:\/\/www.egemtv.com\/index.php?rest_route=\/wp\/v2\/users\/1"}],"replies":[{"embeddable":true,"href":"https:\/\/www.egemtv.com\/index.php?rest_route=%2Fwp%2Fv2%2Fcomments&post=2442"}],"version-history":[{"count":1,"href":"https:\/\/www.egemtv.com\/index.php?rest_route=\/wp\/v2\/posts\/2442\/revisions"}],"predecessor-version":[{"id":2444,"href":"https:\/\/www.egemtv.com\/index.php?rest_route=\/wp\/v2\/posts\/2442\/revisions\/2444"}],"wp:featuredmedia":[{"embeddable":true,"href":"https:\/\/www.egemtv.com\/index.php?rest_route=\/wp\/v2\/media\/2443"}],"wp:attachment":[{"href":"https:\/\/www.egemtv.com\/index.php?rest_route=%2Fwp%2Fv2%2Fmedia&parent=2442"}],"wp:term":[{"taxonomy":"category","embeddable":true,"href":"https:\/\/www.egemtv.com\/index.php?rest_route=%2Fwp%2Fv2%2Fcategories&post=2442"},{"taxonomy":"post_tag","embeddable":true,"href":"https:\/\/www.egemtv.com\/index.php?rest_route=%2Fwp%2Fv2%2Ftags&post=2442"}],"curies":[{"name":"wp","href":"https:\/\/api.w.org\/{rel}","templated":true}]}}