{"id":24419,"date":"2025-03-07T09:26:38","date_gmt":"2025-03-07T06:26:38","guid":{"rendered":"https:\/\/www.egemtv.com\/?p=24419"},"modified":"2025-03-07T09:26:43","modified_gmt":"2025-03-07T06:26:43","slug":"aydin-valiliginden-suc-orani-iddialarina-yalanlama","status":"publish","type":"post","link":"https:\/\/www.egemtv.com\/?p=24419","title":{"rendered":"Ayd\u0131n Valili\u011fi\u2019nden su\u00e7 oran\u0131 iddialar\u0131na yalanlama"},"content":{"rendered":"<p>Ayd\u0131n Valili\u011fi\u2019nden yap\u0131lan a\u00e7\u0131klamada baz\u0131 bas\u0131n yay\u0131n organlar\u0131nda \u00e7\u0131kan ve T\u00dc\u0130K verilerine dayand\u0131r\u0131larak T\u00fcrkiye\u2019nin su\u00e7 oran\u0131n\u0131n en y\u00fcksek ilinin Ayd\u0131n oldu\u011funu konu alan haberlere itibar edilmemesini istenilerek, &#8220;T\u00dc\u0130K resmi internet sitesinde, illerin su\u00e7 oran\u0131yla ilgili herhangi bir istatistiki veri yer almamaktad\u0131r&#8221; denildi.<\/p>\n<p>Ayd\u0131n Valili\u011fi\u2019nden konu ile ilgili yap\u0131lan a\u00e7\u0131klamada, &#8220;Baz\u0131 bas\u0131n yay\u0131n organlar\u0131nda T\u00dc\u0130K verilerine dayand\u0131r\u0131lan baz\u0131 haberlerde; \u00fclkemizde su\u00e7 oran\u0131 en y\u00fcksek ilin Ayd\u0131n oldu\u011fu ve iller aras\u0131nda 1. s\u0131rada yer ald\u0131\u011f\u0131 iddia edilmi\u015ftir. Konuyla ilgili olarak yap\u0131lan ara\u015ft\u0131rmada; T\u00dc\u0130K resmi internet sitesinde, illerin su\u00e7 oran\u0131yla ilgili herhangi bir istatistiki veri yer almamaktad\u0131r. Benzer mahiyetteki haber ve payla\u015f\u0131mlar nedeniyle 11.09.2024 tarihinde T\u00dc\u0130K sosyal medya hesaplar\u0131ndan su\u00e7 oranlar\u0131yla ilgili herhangi bir veri payla\u015f\u0131lmad\u0131\u011f\u0131, haberlerde iddia edilen bilgilerin herhangi bir resmi kaynak ve istatistiki veriye dayanmayan tamamen as\u0131ls\u0131z iddialar oldu\u011fu kamuoyuna bildirilmi\u015ftir.  \u0130limizde genel asayi\u015f, kamu d\u00fczeni ve huzur atmosferinin korunmas\u0131 amac\u0131yla gerekli \u00e7al\u0131\u015fmalar titizlikle yerine getirilmekte, su\u00e7 oranlar\u0131 d\u00fczenli olarak takip edilmekte ve gerekli \u00f6nlemler al\u0131nmakta ve g\u00fcvenlik g\u00fc\u00e7lerimiz taraf\u0131ndan hassasiyetle uygulanmaktad\u0131r. Kamuoyunda ilimizin huzur ve g\u00fcven ortam\u0131n\u0131 olumsuz y\u00f6nde etkilemeye y\u00f6nelik bu t\u00fcr as\u0131ls\u0131z iddialara kesinlikle itibar edilmemesini bekliyoruz. Kamuoyuna sayg\u0131yla duyurulur&#8221; ifadelerine yer verildi.<br \/><\/p>\n","protected":false},"excerpt":{"rendered":"<p>Ayd\u0131n Valili\u011fi\u2019nden yap\u0131lan a\u00e7\u0131klamada baz\u0131 bas\u0131n yay\u0131n organlar\u0131nda \u00e7\u0131kan ve T\u00dc\u0130K verilerine dayand\u0131r\u0131larak T\u00fcrkiye\u2019nin su\u00e7 oran\u0131n\u0131n en y\u00fcksek ilinin Ayd\u0131n oldu\u011funu konu alan haberlere itibar edilmemesini istenilerek, &#8220;T\u00dc\u0130K resmi internet sitesinde, illerin su\u00e7 oran\u0131yla ilgili herhangi bir istatistiki veri yer almamaktad\u0131r&#8221; denildi. Ayd\u0131n Valili\u011fi\u2019nden konu ile ilgili yap\u0131lan a\u00e7\u0131klamada, &#8220;Baz\u0131 bas\u0131n yay\u0131n organlar\u0131nda T\u00dc\u0130K verilerine&#8230;<\/p>\n","protected":false},"author":1,"featured_media":24420,"comment_status":"open","ping_status":"open","sticky":false,"template":"","format":"standard","meta":{"_crdt_document":"","footnotes":""},"categories":[1],"tags":[],"class_list":["post-24419","post","type-post","status-publish","format-standard","has-post-thumbnail","hentry","category-guncel"],"_links":{"self":[{"href":"https:\/\/www.egemtv.com\/index.php?rest_route=\/wp\/v2\/posts\/24419","targetHints":{"allow":["GET"]}}],"collection":[{"href":"https:\/\/www.egemtv.com\/index.php?rest_route=\/wp\/v2\/posts"}],"about":[{"href":"https:\/\/www.egemtv.com\/index.php?rest_route=\/wp\/v2\/types\/post"}],"author":[{"embeddable":true,"href":"https:\/\/www.egemtv.com\/index.php?rest_route=\/wp\/v2\/users\/1"}],"replies":[{"embeddable":true,"href":"https:\/\/www.egemtv.com\/index.php?rest_route=%2Fwp%2Fv2%2Fcomments&post=24419"}],"version-history":[{"count":1,"href":"https:\/\/www.egemtv.com\/index.php?rest_route=\/wp\/v2\/posts\/24419\/revisions"}],"predecessor-version":[{"id":24421,"href":"https:\/\/www.egemtv.com\/index.php?rest_route=\/wp\/v2\/posts\/24419\/revisions\/24421"}],"wp:featuredmedia":[{"embeddable":true,"href":"https:\/\/www.egemtv.com\/index.php?rest_route=\/wp\/v2\/media\/24420"}],"wp:attachment":[{"href":"https:\/\/www.egemtv.com\/index.php?rest_route=%2Fwp%2Fv2%2Fmedia&parent=24419"}],"wp:term":[{"taxonomy":"category","embeddable":true,"href":"https:\/\/www.egemtv.com\/index.php?rest_route=%2Fwp%2Fv2%2Fcategories&post=24419"},{"taxonomy":"post_tag","embeddable":true,"href":"https:\/\/www.egemtv.com\/index.php?rest_route=%2Fwp%2Fv2%2Ftags&post=24419"}],"curies":[{"name":"wp","href":"https:\/\/api.w.org\/{rel}","templated":true}]}}