{"id":24416,"date":"2025-03-07T07:05:03","date_gmt":"2025-03-07T04:05:03","guid":{"rendered":"https:\/\/www.egemtv.com\/?p=24416"},"modified":"2025-03-07T07:05:07","modified_gmt":"2025-03-07T04:05:07","slug":"tavsanlida-otomobil-takla-atti-3-yarali","status":"publish","type":"post","link":"https:\/\/www.egemtv.com\/?p=24416","title":{"rendered":"Tav\u015fanl\u0131\u2019da otomobil takla att\u0131: 3 yaral\u0131"},"content":{"rendered":"<p>K\u00fctahya\u2019n\u0131n Tav\u015fanl\u0131 il\u00e7esinde meydana gelen trafik kazas\u0131nda 3 ki\u015fi yaraland\u0131.<br \/>\n<br \/>Edinilen bilgilere g\u00f6re, Tun\u00e7bilek y\u00f6n\u00fcnden Tav\u015fanl\u0131 il\u00e7e merkezine seyir halinde olan F.K. (19) y\u00f6netimindeki otomobil, Bal\u0131kesir \u0131\u015f\u0131kl\u0131 kav\u015fa\u011f\u0131na yak\u0131n bir noktada kontrolden \u00e7\u0131kt\u0131. S\u00fcr\u00fcc\u00fcn\u00fcn direksiyon hakimiyetini kaybetmesi sonucu otomobil, orta ref\u00fcjdeki a\u011faca \u00e7arpt\u0131ktan sonra takla atarak ters d\u00f6nd\u00fc.<br \/>\n<br \/>Kazan\u0131n ard\u0131ndan olay yerine 112 acil servis ve polis ekipleri sevk edildi. Kazada s\u00fcr\u00fcc\u00fc F.K. ile otomobilde yolcu olarak bulunan F.\u00c7. (21) ve A.U. (19) yaraland\u0131. Yaral\u0131lar, sa\u011fl\u0131k ekiplerinin olay yerindeki ilk m\u00fcdahalesinin ard\u0131ndan Tav\u015fanl\u0131 Do\u00e7. Dr. Mustafa Kalemli Devlet Hastanesi\u2019ne kald\u0131r\u0131ld\u0131.<br \/>\n<br \/>Polis, kazayla ilgili soru\u015fturma ba\u015flatt\u0131.<br \/><\/p>\n","protected":false},"excerpt":{"rendered":"<p>K\u00fctahya\u2019n\u0131n Tav\u015fanl\u0131 il\u00e7esinde meydana gelen trafik kazas\u0131nda 3 ki\u015fi yaraland\u0131. Edinilen bilgilere g\u00f6re, Tun\u00e7bilek y\u00f6n\u00fcnden Tav\u015fanl\u0131 il\u00e7e merkezine seyir halinde olan F.K. (19) y\u00f6netimindeki otomobil, Bal\u0131kesir \u0131\u015f\u0131kl\u0131 kav\u015fa\u011f\u0131na yak\u0131n bir noktada kontrolden \u00e7\u0131kt\u0131. S\u00fcr\u00fcc\u00fcn\u00fcn direksiyon hakimiyetini kaybetmesi sonucu otomobil, orta ref\u00fcjdeki a\u011faca \u00e7arpt\u0131ktan sonra takla atarak ters d\u00f6nd\u00fc. Kazan\u0131n ard\u0131ndan olay yerine 112 acil servis&#8230;<\/p>\n","protected":false},"author":1,"featured_media":24417,"comment_status":"open","ping_status":"open","sticky":false,"template":"","format":"standard","meta":{"_crdt_document":"","footnotes":""},"categories":[5],"tags":[],"class_list":["post-24416","post","type-post","status-publish","format-standard","has-post-thumbnail","hentry","category-asayis"],"_links":{"self":[{"href":"https:\/\/www.egemtv.com\/index.php?rest_route=\/wp\/v2\/posts\/24416","targetHints":{"allow":["GET"]}}],"collection":[{"href":"https:\/\/www.egemtv.com\/index.php?rest_route=\/wp\/v2\/posts"}],"about":[{"href":"https:\/\/www.egemtv.com\/index.php?rest_route=\/wp\/v2\/types\/post"}],"author":[{"embeddable":true,"href":"https:\/\/www.egemtv.com\/index.php?rest_route=\/wp\/v2\/users\/1"}],"replies":[{"embeddable":true,"href":"https:\/\/www.egemtv.com\/index.php?rest_route=%2Fwp%2Fv2%2Fcomments&post=24416"}],"version-history":[{"count":1,"href":"https:\/\/www.egemtv.com\/index.php?rest_route=\/wp\/v2\/posts\/24416\/revisions"}],"predecessor-version":[{"id":24418,"href":"https:\/\/www.egemtv.com\/index.php?rest_route=\/wp\/v2\/posts\/24416\/revisions\/24418"}],"wp:featuredmedia":[{"embeddable":true,"href":"https:\/\/www.egemtv.com\/index.php?rest_route=\/wp\/v2\/media\/24417"}],"wp:attachment":[{"href":"https:\/\/www.egemtv.com\/index.php?rest_route=%2Fwp%2Fv2%2Fmedia&parent=24416"}],"wp:term":[{"taxonomy":"category","embeddable":true,"href":"https:\/\/www.egemtv.com\/index.php?rest_route=%2Fwp%2Fv2%2Fcategories&post=24416"},{"taxonomy":"post_tag","embeddable":true,"href":"https:\/\/www.egemtv.com\/index.php?rest_route=%2Fwp%2Fv2%2Ftags&post=24416"}],"curies":[{"name":"wp","href":"https:\/\/api.w.org\/{rel}","templated":true}]}}