{"id":24413,"date":"2025-03-07T00:07:06","date_gmt":"2025-03-06T21:07:06","guid":{"rendered":"https:\/\/www.egemtv.com\/?p=24413"},"modified":"2025-03-07T00:07:16","modified_gmt":"2025-03-06T21:07:16","slug":"aydinda-trafik-kazasi-3-yarali","status":"publish","type":"post","link":"https:\/\/www.egemtv.com\/?p=24413","title":{"rendered":"Ayd\u0131n\u2019da trafik kazas\u0131: 3 yaral\u0131"},"content":{"rendered":"<p>Ayd\u0131n\u2019\u0131n Efeler il\u00e7esinde yaya ge\u00e7idinde k\u0131rm\u0131z\u0131 \u0131\u015f\u0131\u011f\u0131n yanmas\u0131 ile yayalara yol vermek i\u00e7in duran otomobile arkadan gelen ticari ara\u00e7 \u00e7arparken, kazada 3 ki\u015fi yaraland\u0131.<\/p>\n<p>Kaza, Ata Mahallesi Denizli Bulvar\u0131 \u00fczeri Tekstil Park kar\u015f\u0131s\u0131nda saat 22.00 s\u0131ralar\u0131nda meydana geldi. Edinilen bilgiye g\u00f6re, b\u00f6lgede bulunan yaya ge\u00e7idindeki k\u0131rm\u0131z\u0131 \u0131\u015f\u0131kta yayalara yol vermek i\u00e7in duran 20 AJE 078 plakal\u0131 otomobile, ayn\u0131 y\u00f6nde ilerleyen 09 AUO 284 plakal\u0131 ticari ara\u00e7 arkadan \u00e7arpt\u0131. Kazada da biri yaya olmak \u00fczere 3 ki\u015fi yaraland\u0131. Kazay\u0131 g\u00f6renler durumu 112 Acil \u00c7a\u011fr\u0131 Merkezi\u2019ne bildirdi. \u0130hbar \u00fczerine b\u00f6lgeye sa\u011fl\u0131k, polis ve itfaiye ekipleri sevk edildi. K\u0131sa s\u00fcrede olay yerine gelen Ayd\u0131n B\u00fcy\u00fck\u015fehir Belediyesi \u0130tfaiye Daire Ba\u015fkanl\u0131\u011f\u0131 ekipleri ara\u00e7larda s\u0131k\u0131\u015fan yaral\u0131lar\u0131 \u00e7\u0131kartarak sa\u011fl\u0131k ekiplerine teslim etti. Sa\u011fl\u0131k ekipleri taraf\u0131ndan ilk m\u00fcdahaleleri yap\u0131lan yaral\u0131lar ambulanslarla hastaneye kald\u0131r\u0131larak tedavi alt\u0131na al\u0131nd\u0131. Kaza nedeniyle kapanan yoldaki trafik, ara\u00e7lar\u0131n \u00e7ekici marifeti ile olay yerinden kald\u0131r\u0131lmas\u0131 ile normale d\u00f6nd\u00fc.<\/p>\n<p>Kazayla ilgili soru\u015fturma s\u00fcr\u00fcyor.<br \/><\/p>\n","protected":false},"excerpt":{"rendered":"<p>Ayd\u0131n\u2019\u0131n Efeler il\u00e7esinde yaya ge\u00e7idinde k\u0131rm\u0131z\u0131 \u0131\u015f\u0131\u011f\u0131n yanmas\u0131 ile yayalara yol vermek i\u00e7in duran otomobile arkadan gelen ticari ara\u00e7 \u00e7arparken, kazada 3 ki\u015fi yaraland\u0131. Kaza, Ata Mahallesi Denizli Bulvar\u0131 \u00fczeri Tekstil Park kar\u015f\u0131s\u0131nda saat 22.00 s\u0131ralar\u0131nda meydana geldi. Edinilen bilgiye g\u00f6re, b\u00f6lgede bulunan yaya ge\u00e7idindeki k\u0131rm\u0131z\u0131 \u0131\u015f\u0131kta yayalara yol vermek i\u00e7in duran 20 AJE 078&#8230;<\/p>\n","protected":false},"author":1,"featured_media":24414,"comment_status":"open","ping_status":"open","sticky":false,"template":"","format":"standard","meta":{"_crdt_document":"","footnotes":""},"categories":[5],"tags":[],"class_list":["post-24413","post","type-post","status-publish","format-standard","has-post-thumbnail","hentry","category-asayis"],"_links":{"self":[{"href":"https:\/\/www.egemtv.com\/index.php?rest_route=\/wp\/v2\/posts\/24413","targetHints":{"allow":["GET"]}}],"collection":[{"href":"https:\/\/www.egemtv.com\/index.php?rest_route=\/wp\/v2\/posts"}],"about":[{"href":"https:\/\/www.egemtv.com\/index.php?rest_route=\/wp\/v2\/types\/post"}],"author":[{"embeddable":true,"href":"https:\/\/www.egemtv.com\/index.php?rest_route=\/wp\/v2\/users\/1"}],"replies":[{"embeddable":true,"href":"https:\/\/www.egemtv.com\/index.php?rest_route=%2Fwp%2Fv2%2Fcomments&post=24413"}],"version-history":[{"count":1,"href":"https:\/\/www.egemtv.com\/index.php?rest_route=\/wp\/v2\/posts\/24413\/revisions"}],"predecessor-version":[{"id":24415,"href":"https:\/\/www.egemtv.com\/index.php?rest_route=\/wp\/v2\/posts\/24413\/revisions\/24415"}],"wp:featuredmedia":[{"embeddable":true,"href":"https:\/\/www.egemtv.com\/index.php?rest_route=\/wp\/v2\/media\/24414"}],"wp:attachment":[{"href":"https:\/\/www.egemtv.com\/index.php?rest_route=%2Fwp%2Fv2%2Fmedia&parent=24413"}],"wp:term":[{"taxonomy":"category","embeddable":true,"href":"https:\/\/www.egemtv.com\/index.php?rest_route=%2Fwp%2Fv2%2Fcategories&post=24413"},{"taxonomy":"post_tag","embeddable":true,"href":"https:\/\/www.egemtv.com\/index.php?rest_route=%2Fwp%2Fv2%2Ftags&post=24413"}],"curies":[{"name":"wp","href":"https:\/\/api.w.org\/{rel}","templated":true}]}}