{"id":24410,"date":"2025-03-06T23:47:07","date_gmt":"2025-03-06T20:47:07","guid":{"rendered":"https:\/\/www.egemtv.com\/?p=24410"},"modified":"2025-03-06T23:47:17","modified_gmt":"2025-03-06T20:47:17","slug":"fethiyede-otomobille-motosiklet-carpisti-1-olu","status":"publish","type":"post","link":"https:\/\/www.egemtv.com\/?p=24410","title":{"rendered":"Fethiye\u2019de otomobille motosiklet \u00e7arp\u0131\u015ft\u0131: 1 \u00f6l\u00fc"},"content":{"rendered":"<p>Mu\u011fla\u2019n\u0131n Fethiye il\u00e7esinde otomobil ile motosikletin \u00e7arp\u0131\u015fmas\u0131 sonucu meydana gelen trafik kazas\u0131nda 1 ki\u015fi hayat\u0131n\u0131 kaybetti.<br \/>\n<br \/>Kaza, Fethiye &#8211; Antalya karayolu \u00fczerindeki \u00c7amk\u00f6y Kav\u015fa\u011f\u0131\u2019nda meydana geldi. Edinilen bilgiye g\u00f6re, Be\u015fir El Hamuud\u2019un kulland\u0131\u011f\u0131 48 ASV 880 plakal\u0131 motosiklet, \u015e.E.\u2019nin y\u00f6netimindeki 12 ACF 400 plakal\u0131 otomobille \u00e7arp\u0131\u015ft\u0131. \u00c7arp\u0131\u015fman\u0131n \u015fiddetiyle motosiklet yakla\u015f\u0131k 100 metre s\u00fcr\u00fcklendi. Kazay\u0131 g\u00f6renler 112 Acil \u00c7a\u011fr\u0131 Merkezi\u2019ne ihbarda bulundu. \u0130hbar \u00fczerine olay yerine sa\u011fl\u0131k ve polis ekipleri sevk edildi. A\u011f\u0131r yaralanan Be\u015fir El Hamuud\u2019a ilk m\u00fcdahaleyi \u00e7evredeki vatanda\u015flar yaparken, olay yerine gelen sa\u011fl\u0131k ekiplerinin ilk m\u00fcdahalesinin ard\u0131ndan hastaneye kald\u0131r\u0131ld\u0131. Yap\u0131lan t\u00fcm m\u00fcdahalelere ra\u011fmen Hamuud, hayat\u0131n\u0131 kaybetti. Otomobil s\u00fcr\u00fcc\u00fcs\u00fc \u015e.E. ise g\u00f6zalt\u0131na al\u0131nd\u0131.<br \/>\n<br \/>Kazayla ilgili soru\u015fturma s\u00fcr\u00fcyor.<br \/><\/p>\n","protected":false},"excerpt":{"rendered":"<p>Mu\u011fla\u2019n\u0131n Fethiye il\u00e7esinde otomobil ile motosikletin \u00e7arp\u0131\u015fmas\u0131 sonucu meydana gelen trafik kazas\u0131nda 1 ki\u015fi hayat\u0131n\u0131 kaybetti. Kaza, Fethiye &#8211; Antalya karayolu \u00fczerindeki \u00c7amk\u00f6y Kav\u015fa\u011f\u0131\u2019nda meydana geldi. Edinilen bilgiye g\u00f6re, Be\u015fir El Hamuud\u2019un kulland\u0131\u011f\u0131 48 ASV 880 plakal\u0131 motosiklet, \u015e.E.\u2019nin y\u00f6netimindeki 12 ACF 400 plakal\u0131 otomobille \u00e7arp\u0131\u015ft\u0131. \u00c7arp\u0131\u015fman\u0131n \u015fiddetiyle motosiklet yakla\u015f\u0131k 100 metre s\u00fcr\u00fcklendi. Kazay\u0131 g\u00f6renler&#8230;<\/p>\n","protected":false},"author":1,"featured_media":24411,"comment_status":"open","ping_status":"open","sticky":false,"template":"","format":"standard","meta":{"_crdt_document":"","footnotes":""},"categories":[5],"tags":[],"class_list":["post-24410","post","type-post","status-publish","format-standard","has-post-thumbnail","hentry","category-asayis"],"_links":{"self":[{"href":"https:\/\/www.egemtv.com\/index.php?rest_route=\/wp\/v2\/posts\/24410","targetHints":{"allow":["GET"]}}],"collection":[{"href":"https:\/\/www.egemtv.com\/index.php?rest_route=\/wp\/v2\/posts"}],"about":[{"href":"https:\/\/www.egemtv.com\/index.php?rest_route=\/wp\/v2\/types\/post"}],"author":[{"embeddable":true,"href":"https:\/\/www.egemtv.com\/index.php?rest_route=\/wp\/v2\/users\/1"}],"replies":[{"embeddable":true,"href":"https:\/\/www.egemtv.com\/index.php?rest_route=%2Fwp%2Fv2%2Fcomments&post=24410"}],"version-history":[{"count":1,"href":"https:\/\/www.egemtv.com\/index.php?rest_route=\/wp\/v2\/posts\/24410\/revisions"}],"predecessor-version":[{"id":24412,"href":"https:\/\/www.egemtv.com\/index.php?rest_route=\/wp\/v2\/posts\/24410\/revisions\/24412"}],"wp:featuredmedia":[{"embeddable":true,"href":"https:\/\/www.egemtv.com\/index.php?rest_route=\/wp\/v2\/media\/24411"}],"wp:attachment":[{"href":"https:\/\/www.egemtv.com\/index.php?rest_route=%2Fwp%2Fv2%2Fmedia&parent=24410"}],"wp:term":[{"taxonomy":"category","embeddable":true,"href":"https:\/\/www.egemtv.com\/index.php?rest_route=%2Fwp%2Fv2%2Fcategories&post=24410"},{"taxonomy":"post_tag","embeddable":true,"href":"https:\/\/www.egemtv.com\/index.php?rest_route=%2Fwp%2Fv2%2Ftags&post=24410"}],"curies":[{"name":"wp","href":"https:\/\/api.w.org\/{rel}","templated":true}]}}