{"id":24407,"date":"2025-03-06T23:46:58","date_gmt":"2025-03-06T20:46:58","guid":{"rendered":"https:\/\/www.egemtv.com\/?p=24407"},"modified":"2025-03-06T23:47:07","modified_gmt":"2025-03-06T20:47:07","slug":"hafif-ticari-aracla-carpisan-motosiklet-parcalandi-2-kisi-oldu","status":"publish","type":"post","link":"https:\/\/www.egemtv.com\/?p=24407","title":{"rendered":"Hafif ticari ara\u00e7la \u00e7arp\u0131\u015fan motosiklet par\u00e7aland\u0131: 2 ki\u015fi \u00f6ld\u00fc"},"content":{"rendered":"<p>Afyonkarahisar\u2019da hafif ticari ara\u00e7la \u00e7arp\u0131\u015fan ve par\u00e7alanan motosikletteki 2 ki\u015fi hayat\u0131n\u0131 kaybetti.<br \/>\n<br \/>Kaza, Bolvadin il\u00e7esi K\u0131rkg\u00f6z Mahallesi\u2019nde meydana geldi. Edinilen bilgilere g\u00f6re, O.\u00c7. y\u00f6netimindeki 03 KK 047 plakal\u0131 hafif ticari ara\u00e7 H.H.T.\u2019nin kulland\u0131\u011f\u0131 03 PK 813 plakal\u0131 motosikletle \u00e7arp\u0131\u015ft\u0131. \u00c7arp\u0131\u015fman\u0131n \u015fiddetiyle motosiklet par\u00e7alan\u0131rken s\u00fcr\u00fcc\u00fc H.H.T. ve S.A.\u00d6., yaraland\u0131. Ambulansla hastaneye kald\u0131r\u0131lan 2 yaral\u0131, yap\u0131lan m\u00fcdahaleye ra\u011fmen hayat\u0131n\u0131 kaybetti.<br \/>\n<br \/>Kazayla ilgili inceleme ba\u015flat\u0131ld\u0131.<br \/><\/p>\n","protected":false},"excerpt":{"rendered":"<p>Afyonkarahisar\u2019da hafif ticari ara\u00e7la \u00e7arp\u0131\u015fan ve par\u00e7alanan motosikletteki 2 ki\u015fi hayat\u0131n\u0131 kaybetti. Kaza, Bolvadin il\u00e7esi K\u0131rkg\u00f6z Mahallesi\u2019nde meydana geldi. Edinilen bilgilere g\u00f6re, O.\u00c7. y\u00f6netimindeki 03 KK 047 plakal\u0131 hafif ticari ara\u00e7 H.H.T.\u2019nin kulland\u0131\u011f\u0131 03 PK 813 plakal\u0131 motosikletle \u00e7arp\u0131\u015ft\u0131. \u00c7arp\u0131\u015fman\u0131n \u015fiddetiyle motosiklet par\u00e7alan\u0131rken s\u00fcr\u00fcc\u00fc H.H.T. ve S.A.\u00d6., yaraland\u0131. Ambulansla hastaneye kald\u0131r\u0131lan 2 yaral\u0131, yap\u0131lan m\u00fcdahaleye&#8230;<\/p>\n","protected":false},"author":1,"featured_media":24408,"comment_status":"open","ping_status":"open","sticky":false,"template":"","format":"standard","meta":{"_crdt_document":"","footnotes":""},"categories":[5],"tags":[],"class_list":["post-24407","post","type-post","status-publish","format-standard","has-post-thumbnail","hentry","category-asayis"],"_links":{"self":[{"href":"https:\/\/www.egemtv.com\/index.php?rest_route=\/wp\/v2\/posts\/24407","targetHints":{"allow":["GET"]}}],"collection":[{"href":"https:\/\/www.egemtv.com\/index.php?rest_route=\/wp\/v2\/posts"}],"about":[{"href":"https:\/\/www.egemtv.com\/index.php?rest_route=\/wp\/v2\/types\/post"}],"author":[{"embeddable":true,"href":"https:\/\/www.egemtv.com\/index.php?rest_route=\/wp\/v2\/users\/1"}],"replies":[{"embeddable":true,"href":"https:\/\/www.egemtv.com\/index.php?rest_route=%2Fwp%2Fv2%2Fcomments&post=24407"}],"version-history":[{"count":1,"href":"https:\/\/www.egemtv.com\/index.php?rest_route=\/wp\/v2\/posts\/24407\/revisions"}],"predecessor-version":[{"id":24409,"href":"https:\/\/www.egemtv.com\/index.php?rest_route=\/wp\/v2\/posts\/24407\/revisions\/24409"}],"wp:featuredmedia":[{"embeddable":true,"href":"https:\/\/www.egemtv.com\/index.php?rest_route=\/wp\/v2\/media\/24408"}],"wp:attachment":[{"href":"https:\/\/www.egemtv.com\/index.php?rest_route=%2Fwp%2Fv2%2Fmedia&parent=24407"}],"wp:term":[{"taxonomy":"category","embeddable":true,"href":"https:\/\/www.egemtv.com\/index.php?rest_route=%2Fwp%2Fv2%2Fcategories&post=24407"},{"taxonomy":"post_tag","embeddable":true,"href":"https:\/\/www.egemtv.com\/index.php?rest_route=%2Fwp%2Fv2%2Ftags&post=24407"}],"curies":[{"name":"wp","href":"https:\/\/api.w.org\/{rel}","templated":true}]}}