{"id":24404,"date":"2025-03-06T23:46:48","date_gmt":"2025-03-06T20:46:48","guid":{"rendered":"https:\/\/www.egemtv.com\/?p=24404"},"modified":"2025-03-06T23:46:58","modified_gmt":"2025-03-06T20:46:58","slug":"manisanin-iki-ilcesinde-izinsiz-kaziya-sucustu","status":"publish","type":"post","link":"https:\/\/www.egemtv.com\/?p=24404","title":{"rendered":"Manisa\u2019n\u0131n iki il\u00e7esinde izinsiz kaz\u0131ya su\u00e7\u00fcst\u00fc"},"content":{"rendered":"<p>Manisa\u2019n\u0131n Akhisar ve Ahmetli il\u00e7elerinde jandarma ekipleri taraf\u0131ndan izinsiz kaz\u0131 \u015fah\u0131slar su\u00e7\u00fcst\u00fc yakaland\u0131.<br \/>\n<br \/>Manisa\u2019n\u0131n Ahmetli il\u00e7esinde 6, Akhisar il\u00e7esinde 4 olmak \u00fczere toplam 10 \u015fah\u0131s ka\u00e7ak kaz\u0131 yaparken jandarma ekipleri taraf\u0131ndan su\u00e7\u00fcst\u00fc yakaland\u0131.<\/p>\n<p>Ahmetli\u2019de ka\u00e7ak kaz\u0131ya su\u00e7\u00fcst\u00fc<br \/>\n<br \/>Manisa\u2019n\u0131n Ahmetli il\u00e7esi Halilkahya Mahallesinde \u00d6.F.U. (31\/E), Y.K. (38\/E), S.G. (49\/E), S.T. (47\/E), M.O. (44\/E) ve Y.E. (42\/E) isimli \u015fah\u0131slar ka\u00e7ak kaz\u0131 yapt\u0131\u011f\u0131 esnada jandarma ekipleri taraf\u0131ndan su\u00e7 \u00fcst\u00fc yakaland\u0131. Su\u00e7ta kullan\u0131lan, 3 adet hilti, 1 adet jenerat\u00f6r, 1 adet ak\u00fc ile bol miktarda alet muhafaza alt\u0131na al\u0131nd\u0131. Konuyla ilgili adli tahkikata ba\u015fland\u0131\u011f\u0131 bildirildi.<\/p>\n<p>Akhisar\u2019da 4 ki\u015fiye su\u00e7\u00fcst\u00fc<br \/>\n<br \/>Manisa\u2019n\u0131n Akhisar il\u00e7esi Sazoba Mahallesinde al\u0131nan duyum \u00fczerine b\u00f6lgeye hareket eden jandarma asayi\u015f ekipleri O.Y. (E\/52), A.M. (E\/45), N.K. (E\/53) ve A.G. (E\/55) isimli \u015fah\u0131slar\u0131 ka\u00e7ak kaz\u0131 yapt\u0131klar\u0131 esnada su\u00e7\u00fcst\u00fc yakaland\u0131. Olayda kullan\u0131lan 1 adet jenerat\u00f6r, 2 adet hilti, 1 adet k\u00fcrek, 1 adet kazma, 1 adet uzatma kablosu ele ge\u00e7irilerek muhafaza alt\u0131na al\u0131nd\u0131. Olayla ilgili Cumhuriyet Savc\u0131l\u0131\u011f\u0131 talimatlar\u0131 do\u011frultusunda tahkikata ba\u015fland\u0131\u011f\u0131 a\u00e7\u0131kland\u0131.<br \/><\/p>\n","protected":false},"excerpt":{"rendered":"<p>Manisa\u2019n\u0131n Akhisar ve Ahmetli il\u00e7elerinde jandarma ekipleri taraf\u0131ndan izinsiz kaz\u0131 \u015fah\u0131slar su\u00e7\u00fcst\u00fc yakaland\u0131. Manisa\u2019n\u0131n Ahmetli il\u00e7esinde 6, Akhisar il\u00e7esinde 4 olmak \u00fczere toplam 10 \u015fah\u0131s ka\u00e7ak kaz\u0131 yaparken jandarma ekipleri taraf\u0131ndan su\u00e7\u00fcst\u00fc yakaland\u0131. Ahmetli\u2019de ka\u00e7ak kaz\u0131ya su\u00e7\u00fcst\u00fc Manisa\u2019n\u0131n Ahmetli il\u00e7esi Halilkahya Mahallesinde \u00d6.F.U. (31\/E), Y.K. (38\/E), S.G. (49\/E), S.T. (47\/E), M.O. (44\/E) ve Y.E. (42\/E)&#8230;<\/p>\n","protected":false},"author":1,"featured_media":24405,"comment_status":"open","ping_status":"open","sticky":false,"template":"","format":"standard","meta":{"_crdt_document":"","footnotes":""},"categories":[5],"tags":[],"class_list":["post-24404","post","type-post","status-publish","format-standard","has-post-thumbnail","hentry","category-asayis"],"_links":{"self":[{"href":"https:\/\/www.egemtv.com\/index.php?rest_route=\/wp\/v2\/posts\/24404","targetHints":{"allow":["GET"]}}],"collection":[{"href":"https:\/\/www.egemtv.com\/index.php?rest_route=\/wp\/v2\/posts"}],"about":[{"href":"https:\/\/www.egemtv.com\/index.php?rest_route=\/wp\/v2\/types\/post"}],"author":[{"embeddable":true,"href":"https:\/\/www.egemtv.com\/index.php?rest_route=\/wp\/v2\/users\/1"}],"replies":[{"embeddable":true,"href":"https:\/\/www.egemtv.com\/index.php?rest_route=%2Fwp%2Fv2%2Fcomments&post=24404"}],"version-history":[{"count":1,"href":"https:\/\/www.egemtv.com\/index.php?rest_route=\/wp\/v2\/posts\/24404\/revisions"}],"predecessor-version":[{"id":24406,"href":"https:\/\/www.egemtv.com\/index.php?rest_route=\/wp\/v2\/posts\/24404\/revisions\/24406"}],"wp:featuredmedia":[{"embeddable":true,"href":"https:\/\/www.egemtv.com\/index.php?rest_route=\/wp\/v2\/media\/24405"}],"wp:attachment":[{"href":"https:\/\/www.egemtv.com\/index.php?rest_route=%2Fwp%2Fv2%2Fmedia&parent=24404"}],"wp:term":[{"taxonomy":"category","embeddable":true,"href":"https:\/\/www.egemtv.com\/index.php?rest_route=%2Fwp%2Fv2%2Fcategories&post=24404"},{"taxonomy":"post_tag","embeddable":true,"href":"https:\/\/www.egemtv.com\/index.php?rest_route=%2Fwp%2Fv2%2Ftags&post=24404"}],"curies":[{"name":"wp","href":"https:\/\/api.w.org\/{rel}","templated":true}]}}