{"id":24401,"date":"2025-03-06T23:07:11","date_gmt":"2025-03-06T20:07:11","guid":{"rendered":"https:\/\/www.egemtv.com\/?p=24401"},"modified":"2025-03-06T23:07:16","modified_gmt":"2025-03-06T20:07:16","slug":"buyuksehirden-kocarlida-birlik-ve-beraberlik-iftari","status":"publish","type":"post","link":"https:\/\/www.egemtv.com\/?p=24401","title":{"rendered":"B\u00fcy\u00fck\u015fehir\u2019den Ko\u00e7arl\u0131\u2019da birlik ve beraberlik iftar\u0131"},"content":{"rendered":"<p>Ayd\u0131n B\u00fcy\u00fck\u015fehir Belediyesi, Ramazan ay\u0131n\u0131n manevi atmosferini payla\u015fmak ad\u0131na Ko\u00e7arl\u0131 Cumhuriyet Meydan\u0131\u2019nda geni\u015f kat\u0131l\u0131ml\u0131 bir iftar program\u0131 d\u00fczenledi.<br \/>\n<br \/>Ko\u00e7arl\u0131 halk\u0131n\u0131n yo\u011fun ilgi g\u00f6sterdi\u011fi iftar yeme\u011fine, Ayd\u0131n B\u00fcy\u00fck\u015fehir Belediye Ba\u015fkan\u0131 \u00d6zlem \u00c7er\u00e7io\u011flu, CHP Ayd\u0131n \u0130l Ba\u015fkan\u0131 Hikmet Saat\u00e7i, Ko\u00e7arl\u0131 Belediye Ba\u015fkan\u0131 \u00d6zg\u00fcr Ar\u0131c\u0131, CHP \u0130l\u00e7e Ba\u015fkan\u0131 Hasan Ak\u0131n, \u00e7evre il\u00e7elerin belediye ba\u015fkanlar\u0131, mahalle muhtarlar\u0131 ve \u00e7ok say\u0131da vatanda\u015f kat\u0131ld\u0131.<br \/>\n<br \/>\u0130ftar \u00f6ncesinde meydanda vatanda\u015flarla sohbet eden Ba\u015fkan \u00c7er\u00e7io\u011flu ve Ba\u015fkan Ar\u0131c\u0131, Ramazan ay\u0131n\u0131n birlik ve beraberlik i\u00e7erisinde ge\u00e7ti\u011fini ifade ederek kat\u0131l\u0131mc\u0131larla yak\u0131ndan ilgilendi.<br \/>\n<br \/>B\u00fcy\u00fck\u015fehir Belediyesi taraf\u0131ndan haz\u0131rlanan iftar yemeklerini vatanda\u015flara kendi elleriyle da\u011f\u0131tan Ba\u015fkan \u00c7er\u00e7io\u011flu ve il\u00e7e belediye ba\u015fkanlar\u0131, Ko\u00e7arl\u0131 halk\u0131yla ayn\u0131 sofray\u0131 payla\u015fman\u0131n mutlulu\u011funu ya\u015fad\u0131.<br \/><\/p>\n","protected":false},"excerpt":{"rendered":"<p>Ayd\u0131n B\u00fcy\u00fck\u015fehir Belediyesi, Ramazan ay\u0131n\u0131n manevi atmosferini payla\u015fmak ad\u0131na Ko\u00e7arl\u0131 Cumhuriyet Meydan\u0131\u2019nda geni\u015f kat\u0131l\u0131ml\u0131 bir iftar program\u0131 d\u00fczenledi. Ko\u00e7arl\u0131 halk\u0131n\u0131n yo\u011fun ilgi g\u00f6sterdi\u011fi iftar yeme\u011fine, Ayd\u0131n B\u00fcy\u00fck\u015fehir Belediye Ba\u015fkan\u0131 \u00d6zlem \u00c7er\u00e7io\u011flu, CHP Ayd\u0131n \u0130l Ba\u015fkan\u0131 Hikmet Saat\u00e7i, Ko\u00e7arl\u0131 Belediye Ba\u015fkan\u0131 \u00d6zg\u00fcr Ar\u0131c\u0131, CHP \u0130l\u00e7e Ba\u015fkan\u0131 Hasan Ak\u0131n, \u00e7evre il\u00e7elerin belediye ba\u015fkanlar\u0131, mahalle muhtarlar\u0131 ve \u00e7ok&#8230;<\/p>\n","protected":false},"author":1,"featured_media":24402,"comment_status":"open","ping_status":"open","sticky":false,"template":"","format":"standard","meta":{"_crdt_document":"","footnotes":""},"categories":[1],"tags":[],"class_list":["post-24401","post","type-post","status-publish","format-standard","has-post-thumbnail","hentry","category-guncel"],"_links":{"self":[{"href":"https:\/\/www.egemtv.com\/index.php?rest_route=\/wp\/v2\/posts\/24401","targetHints":{"allow":["GET"]}}],"collection":[{"href":"https:\/\/www.egemtv.com\/index.php?rest_route=\/wp\/v2\/posts"}],"about":[{"href":"https:\/\/www.egemtv.com\/index.php?rest_route=\/wp\/v2\/types\/post"}],"author":[{"embeddable":true,"href":"https:\/\/www.egemtv.com\/index.php?rest_route=\/wp\/v2\/users\/1"}],"replies":[{"embeddable":true,"href":"https:\/\/www.egemtv.com\/index.php?rest_route=%2Fwp%2Fv2%2Fcomments&post=24401"}],"version-history":[{"count":1,"href":"https:\/\/www.egemtv.com\/index.php?rest_route=\/wp\/v2\/posts\/24401\/revisions"}],"predecessor-version":[{"id":24403,"href":"https:\/\/www.egemtv.com\/index.php?rest_route=\/wp\/v2\/posts\/24401\/revisions\/24403"}],"wp:featuredmedia":[{"embeddable":true,"href":"https:\/\/www.egemtv.com\/index.php?rest_route=\/wp\/v2\/media\/24402"}],"wp:attachment":[{"href":"https:\/\/www.egemtv.com\/index.php?rest_route=%2Fwp%2Fv2%2Fmedia&parent=24401"}],"wp:term":[{"taxonomy":"category","embeddable":true,"href":"https:\/\/www.egemtv.com\/index.php?rest_route=%2Fwp%2Fv2%2Fcategories&post=24401"},{"taxonomy":"post_tag","embeddable":true,"href":"https:\/\/www.egemtv.com\/index.php?rest_route=%2Fwp%2Fv2%2Ftags&post=24401"}],"curies":[{"name":"wp","href":"https:\/\/api.w.org\/{rel}","templated":true}]}}