{"id":24398,"date":"2025-03-06T22:46:53","date_gmt":"2025-03-06T19:46:53","guid":{"rendered":"https:\/\/www.egemtv.com\/?p=24398"},"modified":"2025-03-06T22:46:57","modified_gmt":"2025-03-06T19:46:57","slug":"ilk-4-gunde-5-binden-fazla-efelerli-iftar-sofrasinda-bulustu","status":"publish","type":"post","link":"https:\/\/www.egemtv.com\/?p=24398","title":{"rendered":"\u0130lk 4 g\u00fcnde 5 binden fazla Efelerli iftar sofras\u0131nda bulu\u015ftu"},"content":{"rendered":"<p>Efeler Belediyesi taraf\u0131ndan d\u00fczenlenen iftar sofralar\u0131nda ilk d\u00f6rt g\u00fcnde 5 binden fazla Efelerli vatanda\u015flar bir araya geldi.<br \/>\n<br \/>Efeler Belediye Ba\u015fkan\u0131 An\u0131l Yeti\u015fkin, Ramazan ay\u0131nda da il\u00e7e genelinde dayan\u0131\u015fma \u00f6rneklerini sergilemeye devam ediyor. Ramazan ay\u0131n\u0131n ilk d\u00f6rt g\u00fcn\u00fcnde kentin farkl\u0131 noktalar\u0131nda kurdu\u011fu iftar sofralar\u0131 ile binlerce vatanda\u015fla bir araya gelen Ba\u015fkan Yeti\u015fkin, bu uygulaman\u0131n Ramazan boyunca s\u00fcrd\u00fcreceklerini belirtti. Ramazan ay\u0131nda da \u015fehirde dayan\u0131\u015fma k\u00f6pr\u00fcleri kuran Ba\u015fkan Yeti\u015fkin, \u00f6zel g\u00fcnlerde de hem\u015fehrileriyle bulu\u015fmay\u0131 s\u00fcrd\u00fcr\u00fcyor. Efeler Belediyesi, Ramazan\u2019\u0131n ilk d\u00f6rt g\u00fcn\u00fcnde Mesudiye, G\u00f6lhisar, Orta ve Umurlu mahallelerinde iftar sofras\u0131 kurdu. Olduk\u00e7a yo\u011fun ilgi g\u00f6ren anlaml\u0131 organizasyonlarda 5 binden fazla vatanda\u015f, bereketli organizasyonlara misafir oldu. Etkinlikler, Ramazan ay\u0131 boyunca kentin \u00e7e\u015fitli mahallelerinde uygulanmaya devam edecek. \u00d6te yandan hangi mahallelerde iftar program\u0131 d\u00fczenlenece\u011fi Efeler Belediyesi\u2019nin sosyal medya hesaplar\u0131ndan duyuruluyor. Kalpleri fetheden programlar nedeniyle olduk\u00e7a memnun oldu\u011funu ifade eden vatanda\u015flar, Efeler Belediye Ba\u015fkan\u0131 An\u0131l Yeti\u015fkin\u2019e te\u015fekk\u00fcr etti.<br \/><\/p>\n","protected":false},"excerpt":{"rendered":"<p>Efeler Belediyesi taraf\u0131ndan d\u00fczenlenen iftar sofralar\u0131nda ilk d\u00f6rt g\u00fcnde 5 binden fazla Efelerli vatanda\u015flar bir araya geldi. Efeler Belediye Ba\u015fkan\u0131 An\u0131l Yeti\u015fkin, Ramazan ay\u0131nda da il\u00e7e genelinde dayan\u0131\u015fma \u00f6rneklerini sergilemeye devam ediyor. Ramazan ay\u0131n\u0131n ilk d\u00f6rt g\u00fcn\u00fcnde kentin farkl\u0131 noktalar\u0131nda kurdu\u011fu iftar sofralar\u0131 ile binlerce vatanda\u015fla bir araya gelen Ba\u015fkan Yeti\u015fkin, bu uygulaman\u0131n Ramazan boyunca&#8230;<\/p>\n","protected":false},"author":1,"featured_media":24399,"comment_status":"open","ping_status":"open","sticky":false,"template":"","format":"standard","meta":{"_crdt_document":"","footnotes":""},"categories":[1],"tags":[],"class_list":["post-24398","post","type-post","status-publish","format-standard","has-post-thumbnail","hentry","category-guncel"],"_links":{"self":[{"href":"https:\/\/www.egemtv.com\/index.php?rest_route=\/wp\/v2\/posts\/24398","targetHints":{"allow":["GET"]}}],"collection":[{"href":"https:\/\/www.egemtv.com\/index.php?rest_route=\/wp\/v2\/posts"}],"about":[{"href":"https:\/\/www.egemtv.com\/index.php?rest_route=\/wp\/v2\/types\/post"}],"author":[{"embeddable":true,"href":"https:\/\/www.egemtv.com\/index.php?rest_route=\/wp\/v2\/users\/1"}],"replies":[{"embeddable":true,"href":"https:\/\/www.egemtv.com\/index.php?rest_route=%2Fwp%2Fv2%2Fcomments&post=24398"}],"version-history":[{"count":1,"href":"https:\/\/www.egemtv.com\/index.php?rest_route=\/wp\/v2\/posts\/24398\/revisions"}],"predecessor-version":[{"id":24400,"href":"https:\/\/www.egemtv.com\/index.php?rest_route=\/wp\/v2\/posts\/24398\/revisions\/24400"}],"wp:featuredmedia":[{"embeddable":true,"href":"https:\/\/www.egemtv.com\/index.php?rest_route=\/wp\/v2\/media\/24399"}],"wp:attachment":[{"href":"https:\/\/www.egemtv.com\/index.php?rest_route=%2Fwp%2Fv2%2Fmedia&parent=24398"}],"wp:term":[{"taxonomy":"category","embeddable":true,"href":"https:\/\/www.egemtv.com\/index.php?rest_route=%2Fwp%2Fv2%2Fcategories&post=24398"},{"taxonomy":"post_tag","embeddable":true,"href":"https:\/\/www.egemtv.com\/index.php?rest_route=%2Fwp%2Fv2%2Ftags&post=24398"}],"curies":[{"name":"wp","href":"https:\/\/api.w.org\/{rel}","templated":true}]}}