{"id":24395,"date":"2025-03-06T22:02:24","date_gmt":"2025-03-06T19:02:24","guid":{"rendered":"https:\/\/www.egemtv.com\/?p=24395"},"modified":"2025-03-06T22:02:28","modified_gmt":"2025-03-06T19:02:28","slug":"manisa-buyuksehirde-en-dusuk-maas-42-bin-lira-oldu","status":"publish","type":"post","link":"https:\/\/www.egemtv.com\/?p=24395","title":{"rendered":"Manisa B\u00fcy\u00fck\u015fehir\u2019de en d\u00fc\u015f\u00fck maa\u015f 42 bin lira oldu"},"content":{"rendered":"<p>Manisa B\u00fcy\u00fck\u015fehir Belediyesi i\u015ftiraki BESOT A\u015e. ile D\u0130SK\/Genel-\u0130\u015f Sendikas\u0131 aras\u0131nda, 5 binin \u00fczerinde \u00e7al\u0131\u015fan\u0131 ilgilendiren toplu i\u015f s\u00f6zle\u015fmesi imzaland\u0131. B\u00fcy\u00fck\u015fehir Belediye Ba\u015fkan\u0131 Mimar Ferdi Zeyrek, 31 Mart\u2019ta bir isim de\u011fil, y\u00f6netim anlay\u0131\u015f\u0131n\u0131 de\u011fi\u015ftirdiklerini ifade ederek &#8220;Bu s\u00f6zle\u015fme, al\u0131n terinizin, eme\u011finizin ve dayan\u0131\u015fmam\u0131z\u0131n bir ni\u015fanesidir&#8221; dedi.<br \/>\n<br \/>Manisa B\u00fcy\u00fck\u015fehir Belediyesi b\u00fcnyesinde \u00e7al\u0131\u015fan 5 bini a\u015fk\u0131n i\u015f\u00e7iyi kapsayan toplu i\u015f s\u00f6zle\u015fmesi imzaland\u0131. Manisa B\u00fcy\u00fck\u015fehir Belediye Ba\u015fkan\u0131 Mimar Ferdi Zeyrek ile D\u0130SK\/Genel-\u0130\u015f Sendikas\u0131 Genel Ba\u015fkan\u0131 Remzi \u00c7al\u0131\u015fkan\u2019\u0131n imza alt\u0131na ald\u0131\u011f\u0131 toplu i\u015f s\u00f6zle\u015fmesi ile en d\u00fc\u015f\u00fck g\u00fcnl\u00fck yevmiye, bin 80 liraya \u00e7\u0131kar\u0131ld\u0131. Ayr\u0131ca, toplu i\u015f s\u00f6zle\u015fmesinde \u2018Ayr\u0131mc\u0131l\u0131\u011f\u0131n \u00d6nlenmesi ve Toplumsal Cinsiyet E\u015fitli\u011fi\u2019 maddesi de ilk kez yer ald\u0131. Toplu i\u015f s\u00f6zle\u015fmesi imza t\u00f6renine, Manisa B\u00fcy\u00fck\u015fehir Belediye Ba\u015fkan\u0131 Ferdi Zeyrek, Genel Sekreter Burak Deste, MASK\u0130 Genel M\u00fcd\u00fcr\u00fc Talat Postac\u0131, Genel Sekreter Yard\u0131mc\u0131lar\u0131, BESOT Genel M\u00fcd\u00fcr\u00fc G\u00f6khan Demir, D\u0130SK\/Genel-\u0130\u015f Sendikas\u0131 Genel Ba\u015fkan\u0131 Remzi \u00c7al\u0131\u015fkan, D\u0130SK Genel \u0130\u015f Sendikas\u0131 Toplu \u0130\u015f S\u00f6zle\u015fmesi Daire Ba\u015fkan\u0131 Faruk Saral, D\u0130SK Genel \u0130\u015f Sendikas\u0131 Manisa \u015eube Ba\u015fkan\u0131 \u00d6zg\u00fcr Gen\u00e7, belediye b\u00fcrokratlar\u0131, sendika yetkilileri ile i\u015f\u00e7iler kat\u0131ld\u0131.<\/p>\n<p>\u00c7al\u0131\u015fanlar\u0131n maa\u015flar\u0131 enflasyona kar\u015f\u0131 koruma alt\u0131na al\u0131nd\u0131<br \/>\n<br \/>\u0130mzalanan toplu i\u015f s\u00f6zle\u015fmesiyle B\u00fcy\u00fck\u015fehir Belediyesi\u2019nde en d\u00fc\u015f\u00fck maa\u015f 42 bin lira oldu, bir\u00e7ok hak ise \u00e7al\u0131\u015fanlara ilk kez verildi. Toplu i\u015f s\u00f6zle\u015fmesiyle en \u00f6nemli kazan\u0131mlardan bir tanesi olarak \u00e7al\u0131\u015fanlar\u0131n maa\u015flar\u0131 enflasyona kar\u015f\u0131 koruma alt\u0131na al\u0131nd\u0131. \u00c7al\u0131\u015fanlar\u0131n sosyal haklar\u0131 geni\u015fletilirken, ilk kez yeni sosyal haklar da verildi. Ayr\u0131ca ilk kez y\u0131ll\u0131k izin yard\u0131m\u0131 ile ilk kez engelli \u00e7ocu\u011fu olan \u00e7al\u0131\u015fanlara maddi yard\u0131m sa\u011fland\u0131. Bayram ve e\u011fitim yard\u0131mlar\u0131nda da \u00f6nemli iyile\u015ftirmeler yap\u0131ld\u0131.<\/p>\n<p>&#8220;Biz bir isim de\u011fi\u015ftirmedik, y\u00f6netim anlay\u0131\u015f\u0131n\u0131 de\u011fi\u015ftirdik&#8221;<br \/>\n<br \/>&#8220;Hepiniz benim ailemin birer ferdisiniz, bireyisiniz&#8221; diyerek s\u00f6zlerine ba\u015flayan B\u00fcy\u00fck\u015fehir Belediye Ba\u015fkan\u0131 Ferdi Zeyrek, &#8220;Manisa B\u00fcy\u00fck\u015fehir Belediyemiz ve D\u0130SK\/Genel-\u0130\u015f Sendikas\u0131 aras\u0131nda 5 binin \u00fczerinde \u00e7al\u0131\u015fan\u0131m\u0131z\u0131 ilgilendiren toplu i\u015f s\u00f6zle\u015fmesini imzalamak \u00fczere bir araday\u0131z. Al\u0131n terinizin, eme\u011finizin ve dayan\u0131\u015fmam\u0131z\u0131n bir ni\u015fanesidir. 31 Mart\u2019ta bir de\u011fi\u015fim yapt\u0131k derken bir ismi de\u011fi\u015ftirmedi\u011fimizin g\u00f6stergesidir. Bir paradigma de\u011fi\u015fikli\u011fine gittik. Bu de\u011fi\u015fim g\u00f6stergesini hep birlikte olarak, sizin se\u00e7ti\u011finiz sendika ile birlikte \u015fartlar\u0131n\u0131 birlikte be\u011fendi\u011fimiz toplu i\u015f s\u00f6zle\u015fmesi ile sizlerle bir araday\u0131z. Buna vesile oldu\u011funuz i\u00e7in hepinize tek tek te\u015fekk\u00fcr\u00fc bir bor\u00e7 bilirim&#8221; dedi.<\/p>\n<p>&#8220;Bize yapamazs\u0131n diyenler 1 Temmuz\u2019da nas\u0131l yap\u0131ld\u0131\u011f\u0131n\u0131 g\u00f6rd\u00fcler&#8221;<br \/>\n<br \/>Ba\u015fkan Ferdi Zeyrek, &#8220;Benim b\u00fcy\u00fck ailem Manisa B\u00fcy\u00fck\u015fehir Belediyesi\u2019nde \u00e7al\u0131\u015fan 7 bin arkada\u015f\u0131m\u0131z\u0131n bu ekonomik \u015fartlar alt\u0131nda kendi ayaklar\u0131 \u00fczerinde durmas\u0131 gerekiyordu. Kendi evlerine g\u00f6t\u00fcrd\u00fckleri, al\u0131n teri ile kazand\u0131klar\u0131, son kuru\u015funa kadar hak ettikleri bu paray\u0131 en \u00fcst seviyeden almalar\u0131 ve sosyal haklara kavu\u015fmalar\u0131 benim i\u00e7in olmazsa olmazd\u0131. Se\u00e7im boyunca bir s\u00f6z vermi\u015ftik. Maa\u015flar\u0131m\u0131z 26 bin 500 lirayd\u0131. Se\u00e7im boyunca dedim ki; geldi\u011fimizde maa\u015flar\u0131m\u0131z 35 bin lira olacak en d\u00fc\u015f\u00fck. Bize yapamazs\u0131n diyenler 1 Temmuz\u2019da nas\u0131l yap\u0131ld\u0131\u011f\u0131n\u0131 g\u00f6rd\u00fcler. Ald\u0131\u011f\u0131n\u0131z o 35 bin lira anan\u0131z\u0131n ak s\u00fct\u00fc gibi sizlere helal olsun&#8221; ifadelerini kulland\u0131.<\/p>\n<p>&#8220;Benim verdi\u011fim de\u011fil, sizin hak etti\u011finiz haklar&#8221;<br \/>\n<br \/>\u0130mzalanan toplu s\u00f6zle\u015fme ile birlikte yevmiyelerin g\u00fcnl\u00fck en d\u00fc\u015f\u00fck bin 80 liraya \u00e7\u0131kt\u0131\u011f\u0131n\u0131 s\u00f6yleyen Ba\u015fkan Zeyrek, &#8220;D\u0130SK\/Genel \u0130\u015f ile birlikte s\u00fcre\u00e7lerimiz \u00e7ok h\u0131zl\u0131 bir \u015fekilde ilerledi. \u00c7\u00fcnk\u00fc ben sizler gibi sanki bir park bah\u00e7e \u00e7al\u0131\u015fan\u0131m\u0131z, sanki kanal \u00e7al\u0131\u015fan\u0131m\u0131z, \u00e7\u00f6p toplayan\u0131m\u0131z, belediyenin her biriminde \u00e7al\u0131\u015fan bir arkada\u015f\u0131m gibi o masaya oturdum. Orada ne haklar\u0131n verilmesini istiyorsam sizlere bu haklar\u0131n hepsini verdim. Bu benim verdi\u011fim de\u011fil, sizin hak etti\u011finiz haklard\u0131. Hepiniz iyi g\u00fcnlerde kullan\u0131n bu haklar\u0131&#8221; diye konu\u015ftu.<\/p>\n<p>&#8220;En \u00f6nemlisi. Ayr\u0131mc\u0131l\u0131\u011f\u0131n \u00f6nlenmesi ve toplumsal cinsiyet e\u015fitli\u011fi maddesi&#8221;<br \/>\n<br \/>Toplu s\u00f6zle\u015fmede kendisi i\u00e7in en \u00f6nemli maddeyi de a\u00e7\u0131klayan Ba\u015fkan Zeyrek, &#8220;Ayr\u0131mc\u0131l\u0131\u011f\u0131n \u00f6nlenmesi ve toplumsal cinsiyet e\u015fitli\u011fi maddesinin eklenmesi, benim i\u00e7in olmazsa olmazd\u0131. Kad\u0131nlar\u0131n erkeklerden hi\u00e7bir fark\u0131 benim i\u00e7in zaten hi\u00e7bir zaman yoktu, ama bu maddenin eklenmesi temsiliyette e\u015fitli\u011fin sa\u011flanmas\u0131, bence bu protokol\u00fcn en \u00f6nemli maddesidir. Kad\u0131nlar bizim her zaman i\u00e7in ba\u015f tac\u0131m\u0131zd\u0131r, b\u00f6yle de olmaya devam edecektir&#8221; dedi.<\/p>\n<p>&#8220;Sizlerin her biri benim aile bireyim&#8221;<br \/>\n<br \/>Manisa\u2019n\u0131n 17 il\u00e7esinde yakla\u015f\u0131k 1 milyon 500 bin vatanda\u015fa hizmet veren 7 bin ki\u015filik bir aile olduklar\u0131n\u0131 kaydeden Ba\u015fkan Zeyrek, &#8220;Sizlerin her biri benim aile bireyimdir. Aile olarak ne kadar g\u00fc\u00e7l\u00fc olursak, bir arada olursak, b\u00fct\u00fcn olursak \u00e7ok sevdi\u011fimiz Manisa\u2019m\u0131za en iyi hizmeti bu \u015fekilde g\u00f6t\u00fcrebiliriz. Nas\u0131l bizim konu kom\u015fumuz bizden hizmet bekliyorsa Manisa\u2019n\u0131n en \u00fccra k\u0131sm\u0131nda oturan vatanda\u015f\u0131m\u0131z da bizden hizmet bekliyor. Bu hizmeti bu salonda oturanlar g\u00f6t\u00fcrecek. O y\u00fczden ben \u015funu istedim toplu i\u015f s\u00f6zle\u015fmesinde. +1 olsun, biz verelim, biz b\u00fct\u00fcn olal\u0131m, aile olal\u0131m, aile olal\u0131m ki bu ailemiz Manisa\u2019n\u0131n her yerine hizmet g\u00f6t\u00fcrs\u00fcn, istedim. Bu bizim i\u00e7in en \u00f6nemli \u015feydir. Biz aile olursak Manisa\u2019m art\u0131k tertemiz sokaklara kavu\u015facak. Manisa\u2019m art\u0131k yemye\u015fil parklara kavu\u015facak. Manisa\u2019m art\u0131k \u2018Hizmet g\u00f6rm\u00fcyorum, benim kap\u0131m \u00e7alm\u0131yor\u2019 denilen bir belediye ile kar\u015f\u0131 kar\u015f\u0131ya kalmayacak. Ben bunu sizlerle birlikte sa\u011flayaca\u011f\u0131m\u0131z\u0131 biliyorum. G\u00f6rev s\u00fcrem boyunca ben ister sizin ba\u015fkan\u0131n\u0131z\u0131m, ister sizin evlad\u0131n\u0131z\u0131m, ister sizin Ferdi abiniz, Ferdi amcan\u0131z\u0131m. Beni her zaman i\u00e7in b\u00f6yle bilin. Bu birli\u011fimiz, b\u00fct\u00fcnl\u00fc\u011f\u00fcm\u00fcz her zaman i\u00e7in daim olsun. Ben sizleri \u00e7ok seviyorum, iyi ki vars\u0131n\u0131z. Her zaman i\u00e7in bir b\u00fct\u00fcn olal\u0131m&#8221; \u015feklinde konu\u015ftu.<\/p>\n<p>&#8220;Sendika se\u00e7me \u00f6zg\u00fcrl\u00fc\u011f\u00fcn\u00fcn \u00f6n\u00fcn\u00fc a\u00e7an ba\u015fkan\u0131m\u0131za te\u015fekk\u00fcr ediyorum&#8221;<br \/>\n<br \/>D\u0130SK\/Genel-\u0130\u015f Sendikas\u0131 Genel Ba\u015fkan\u0131 Remzi \u00c7al\u0131\u015fkan da toplu i\u015f s\u00f6zle\u015fmesi t\u00f6reninde konu\u015fma yapt\u0131. 58 y\u0131l \u00f6nce Manisa i\u015f\u00e7isinin D\u0130SK \u00fcyesi oldu\u011funu s\u00f6yleyen \u00c7al\u0131\u015fkan, &#8220;58 y\u0131l sonra tekrar evine d\u00f6nd\u00fc. Toplu i\u015f s\u00f6zle\u015fmesinde eme\u011fi ge\u00e7en herkese ve bu tabloyu olu\u015fturmaya b\u00fcy\u00fck katk\u0131 sunan, fedakarl\u0131k yapan Manisa B\u00fcy\u00fck\u015fehir Belediye Ba\u015fkan\u0131 Ferdi Zeyrek\u2019e te\u015fekk\u00fcr ediyorum. Manisa\u2019da \u00e7ok \u015fey de\u011fi\u015fmi\u015f. En b\u00fcy\u00fck de\u011fi\u015fim yerel se\u00e7imlerden sonra Belediye Ba\u015fkan\u0131m\u0131z\u0131n g\u00f6reve gelmesiyle olmu\u015f. Ama onunla da kalmam\u0131\u015f. \u0130\u015f\u00e7inin sendika se\u00e7me tercihinin, \u00f6zg\u00fcrl\u00fc\u011f\u00fcn\u00fcn \u00f6n\u00fcn\u00fc a\u00e7an B\u00fcy\u00fck\u015fehir Belediye Ba\u015fkan\u0131m\u0131za bir kere daha te\u015fekk\u00fcr ediyorum. 58 y\u0131l sonra bizi bu arkada\u015flar\u0131m\u0131zla bulu\u015fturdu&#8221; dedi.<\/p>\n<p>&#8220;B\u00fct\u00fcn kurallar\u0131yla i\u015fleyen bir demokrasiye ihtiyac\u0131m\u0131z var&#8221;<br \/>\n<br \/>Genel Ba\u015fkan \u00c7al\u0131\u015fkan, &#8220;Bu tablo ger\u00e7ekten \u00e7ok g\u00fczel, ama b\u00fct\u00fcn \u00fclkeye yay\u0131lmas\u0131 laz\u0131m. Cumhuriyet tarihinin en a\u011f\u0131r ekonomik ve siyasi krizini ya\u015f\u0131yoruz. Bu \u00fclkede bir\u00e7ok problem var. Bu \u00fclkede adaletin olmas\u0131, hukukun olmas\u0131 laz\u0131m. Demokrasinin b\u00fct\u00fcn kurallar\u0131yla i\u015flemesi laz\u0131m ki ekonomiye yans\u0131s\u0131n. \u00dclkedeki bizim a\u015f\u0131m\u0131za, i\u015fimize yans\u0131yan bozuk ekonominin biz y\u00fck\u00fcn\u00fc \u00e7ekmemeliyiz diyoruz. O y\u00fczden bizim m\u00fccadelemiz sendikal m\u00fccadele hem emek m\u00fccadelesi hem demokrasi m\u00fccadelesi diyoruz. Demokrasi i\u015f\u00e7inin ekme\u011fidir diyoruz. \u0130\u015fte bu bozuk \u00e7ark bizim i\u015fyerlerimize, bizim eme\u011fimize kadar geliyor. Bunun su\u00e7lusu belediye ba\u015fkanlar\u0131 da de\u011fil. Bu problemi olu\u015fturanlar bunun su\u00e7lusudur, diyoruz. Bu \u00fclkede her \u015feyden \u00f6nce b\u00fct\u00fcn kurallar\u0131yla i\u015fleyen bir demokrasiye ihtiyac\u0131m\u0131z var. Bizim g\u00f6revimiz oradan sonra ba\u015fl\u0131yor&#8221; diye konu\u015ftu.<\/p>\n<p>&#8220;En b\u00fcy\u00fck mimar\u0131 b\u00fcy\u00fck\u015fehir belediye ba\u015fkan\u0131m\u0131z&#8221;<br \/>\n<br \/>Sadece kendilerini d\u00fc\u015f\u00fcnen bir sendika olmad\u0131klar\u0131n\u0131 s\u00f6yleyen \u00c7al\u0131\u015fkan, &#8220;200 bine yak\u0131n \u00fcyesiyle Genel \u0130\u015f Sendikas\u0131 yoluna devam ediyor. Bu g\u00fcce sizler de g\u00fc\u00e7 katt\u0131n\u0131z. Hem al\u0131n terimiz i\u00e7in, hem eme\u011fimiz i\u00e7in hem de ayd\u0131nl\u0131k gelece\u011fimiz, \u00fclkenin ayd\u0131nl\u0131k gelece\u011fi i\u00e7in m\u00fccadelemize devam edece\u011fiz. Bu m\u00fccadeleyi b\u00fcy\u00fctt\u00fc\u011f\u00fcn\u00fcz i\u00e7in ayr\u0131ca size te\u015fekk\u00fcr ediyorum. Hem toplu i\u015f s\u00f6zle\u015fmesinin mutlulu\u011fu ki en b\u00fcy\u00fck mimar\u0131 belediye ba\u015fkan\u0131m hem de sendika \u00e7at\u0131s\u0131 alt\u0131nda olman\u0131n mutlulu\u011funu fark ettim. O y\u00fcz ifadeniz i\u00e7in te\u015fekk\u00fcr ederim. O kadar g\u00fczel kar\u015f\u0131lad\u0131n\u0131z ki. Hepinizin y\u00fcre\u011fine sa\u011fl\u0131k. Belediye Ba\u015fkan\u0131m\u0131z ile belediye y\u00f6netimi ile kamu emek\u00e7ileri ile biz \u00e7al\u0131\u015fanlar hepimiz bu kente hizmet ediyoruz. Kutsal bir g\u00f6rev y\u00fcr\u00fct\u00fcyoruz. Halka hizmet etmek kutsal bir g\u00f6revdir. Lay\u0131k\u0131yla halka hizmet olarak hep birlikte g\u00f6t\u00fcrece\u011fiz. G\u00f6revimiz, sorumlulu\u011fumuz tabi ki a\u011f\u0131r. G\u00f6revimizi yerine getirece\u011fiz, \u00fclkemizin ayd\u0131nl\u0131k gelece\u011fi i\u00e7in m\u00fccadelemizi daha da b\u00fcy\u00fctece\u011fiz&#8221; ifadelerini kulland\u0131.<\/p>\n<p>&#8220;Emekten yana tav\u0131r koyan ferdi zeyrek\u2019e \u00e7ok te\u015fekk\u00fcr ederiz&#8221;<br \/>\n<br \/>D\u0130SK Genel-\u0130\u015f Manisa \u015eubesi Ba\u015fkan\u0131 \u00d6zg\u00fcr Gen\u00e7 de &#8220;Toplu i\u015f s\u00f6zle\u015fmesinde emekten yana tav\u0131r koyan ve \u2018Neyimiz varsa b\u00f6l\u00fc\u015fece\u011fiz\u2019 diyen, en k\u00fc\u00e7\u00fck ayr\u0131nt\u0131ya kadar d\u00fc\u015f\u00fcn\u00fcp t\u00fcm haklar\u0131n en iyisini i\u015f\u00e7i arkada\u015flar\u0131m\u0131za veren Manisa B\u00fcy\u00fck\u015fehir Belediye Ba\u015fkan\u0131m\u0131z Ferdi Zeyrek\u2019e \u00e7ok te\u015fekk\u00fcr ederiz&#8221; dedi.<\/p>\n<p>&#8220;Geriye d\u00f6n\u00fck \u00fccretler Ramazan Bayram\u0131 \u00f6ncesinde verilecek&#8221;<br \/>\n<br \/>Konu\u015fmalar\u0131n ard\u0131ndan toplu i\u015f s\u00f6zle\u015fmesi imzaland\u0131. S\u00f6zle\u015fmeye imza atan Manisa B\u00fcy\u00fck\u015fehir Belediye Ba\u015fkan\u0131 Mimar Ferdi Zeyrek, geriye d\u00f6n\u00fck \u00fccretlerin ne zaman verilece\u011fini de a\u00e7\u0131klad\u0131. Ba\u015fkan Zeyrek, &#8220;Geriye d\u00f6n\u00fck alacaklar\u0131n\u0131z Ramazan Bayram\u0131 \u00f6ncesinde size verilecektir. \u0130n\u015fallah bayramda ailenizle iyi g\u00fcnlerde kullan\u0131n, harcay\u0131n&#8221; ifadelerini kulland\u0131.<br \/><\/p>\n","protected":false},"excerpt":{"rendered":"<p>Manisa B\u00fcy\u00fck\u015fehir Belediyesi i\u015ftiraki BESOT A\u015e. ile D\u0130SK\/Genel-\u0130\u015f Sendikas\u0131 aras\u0131nda, 5 binin \u00fczerinde \u00e7al\u0131\u015fan\u0131 ilgilendiren toplu i\u015f s\u00f6zle\u015fmesi imzaland\u0131. B\u00fcy\u00fck\u015fehir Belediye Ba\u015fkan\u0131 Mimar Ferdi Zeyrek, 31 Mart\u2019ta bir isim de\u011fil, y\u00f6netim anlay\u0131\u015f\u0131n\u0131 de\u011fi\u015ftirdiklerini ifade ederek &#8220;Bu s\u00f6zle\u015fme, al\u0131n terinizin, eme\u011finizin ve dayan\u0131\u015fmam\u0131z\u0131n bir ni\u015fanesidir&#8221; dedi. Manisa B\u00fcy\u00fck\u015fehir Belediyesi b\u00fcnyesinde \u00e7al\u0131\u015fan 5 bini a\u015fk\u0131n i\u015f\u00e7iyi kapsayan&#8230;<\/p>\n","protected":false},"author":1,"featured_media":24396,"comment_status":"open","ping_status":"open","sticky":false,"template":"","format":"standard","meta":{"_crdt_document":"","footnotes":""},"categories":[123],"tags":[],"class_list":["post-24395","post","type-post","status-publish","format-standard","has-post-thumbnail","hentry","category-gundem"],"_links":{"self":[{"href":"https:\/\/www.egemtv.com\/index.php?rest_route=\/wp\/v2\/posts\/24395","targetHints":{"allow":["GET"]}}],"collection":[{"href":"https:\/\/www.egemtv.com\/index.php?rest_route=\/wp\/v2\/posts"}],"about":[{"href":"https:\/\/www.egemtv.com\/index.php?rest_route=\/wp\/v2\/types\/post"}],"author":[{"embeddable":true,"href":"https:\/\/www.egemtv.com\/index.php?rest_route=\/wp\/v2\/users\/1"}],"replies":[{"embeddable":true,"href":"https:\/\/www.egemtv.com\/index.php?rest_route=%2Fwp%2Fv2%2Fcomments&post=24395"}],"version-history":[{"count":1,"href":"https:\/\/www.egemtv.com\/index.php?rest_route=\/wp\/v2\/posts\/24395\/revisions"}],"predecessor-version":[{"id":24397,"href":"https:\/\/www.egemtv.com\/index.php?rest_route=\/wp\/v2\/posts\/24395\/revisions\/24397"}],"wp:featuredmedia":[{"embeddable":true,"href":"https:\/\/www.egemtv.com\/index.php?rest_route=\/wp\/v2\/media\/24396"}],"wp:attachment":[{"href":"https:\/\/www.egemtv.com\/index.php?rest_route=%2Fwp%2Fv2%2Fmedia&parent=24395"}],"wp:term":[{"taxonomy":"category","embeddable":true,"href":"https:\/\/www.egemtv.com\/index.php?rest_route=%2Fwp%2Fv2%2Fcategories&post=24395"},{"taxonomy":"post_tag","embeddable":true,"href":"https:\/\/www.egemtv.com\/index.php?rest_route=%2Fwp%2Fv2%2Ftags&post=24395"}],"curies":[{"name":"wp","href":"https:\/\/api.w.org\/{rel}","templated":true}]}}