{"id":24392,"date":"2025-03-06T20:28:13","date_gmt":"2025-03-06T17:28:13","guid":{"rendered":"https:\/\/www.egemtv.com\/?p=24392"},"modified":"2025-03-06T20:28:17","modified_gmt":"2025-03-06T17:28:17","slug":"ataturkun-burdura-gelisinin-95-yili-torenle-kutlandi","status":"publish","type":"post","link":"https:\/\/www.egemtv.com\/?p=24392","title":{"rendered":"Atat\u00fcrk\u2019\u00fcn Burdur\u2019a geli\u015finin 95. y\u0131l\u0131 t\u00f6renle kutland\u0131"},"content":{"rendered":"<p>Gazi Mustafa Kemal Atat\u00fcrk\u2019\u00fcn Burdur\u2019a geli\u015finin 95. y\u0131ld\u00f6n\u00fcm\u00fc t\u00f6ren ile kutland\u0131.<br \/>\n<br \/>Gazi Mustafa Kemal Atat\u00fcrk\u2019\u00fcn 6 Mart 1930 y\u0131l\u0131nda Burdur\u2019a geli\u015finin 95. y\u0131ld\u00f6n\u00fcm\u00fc Burdur\u2019a geldi\u011fi zaman kar\u015f\u0131land\u0131\u011f\u0131 ilk yer olan \u00c7atalp\u0131nar mevkiinden Cumhuriyet Meydan\u0131na kadar devam eden &#8220;Ata\u2019ya Sayg\u0131&#8221; y\u00fcr\u00fcy\u00fc\u015fle ba\u015flad\u0131. Y\u00fcr\u00fcy\u00fc\u015f\u00fcn ard\u0131ndan meydanda t\u00f6ren ger\u00e7ekle\u015ftirildi. Halk oyunlar\u0131 g\u00f6sterisinin ard\u0131ndan Burdur Valisi T\u00fclay Baydar Bilgihan\u2019a \u00f6\u011frenciler taraf\u0131ndan T\u00fcrk bayra\u011f\u0131 takdim edildi. Bayra\u011f\u0131 alan Vali Baydar Bilgihan, &#8220;Bu kutlu bayra\u011f\u0131 gelece\u011fimizin teminat\u0131 olan siz T\u00fcrk gen\u00e7li\u011fine tebli\u011f ediyorum&#8221; ifadelerini kulland\u0131.<br \/>\n<br \/>T\u00f6rende Burdur Valili\u011fi, Garnizon Komutanl\u0131\u011f\u0131 ve Burdur Belediye Ba\u015fkanl\u0131\u011f\u0131 taraf\u0131ndan Atat\u00fcrk b\u00fcst\u00fcne \u00e7elenk sunuldu. Sayg\u0131 duru\u015fu ve \u0130stiklal Mar\u015f\u0131\u2019n\u0131n okunmas\u0131n\u0131n ard\u0131ndan, 15 Temmuz \u015eehitler Anadolu Lisesi \u00f6\u011frencisi Yasemin Melisa Akdemir &#8220;Bir Tutkudur Mustafa Kemal&#8221; adl\u0131 \u015fiiri okudu.<br \/>\n<br \/>Burdur Valisi T\u00fclay Baydar Bilgihan, Atat\u00fcrk\u2019\u00fcn 6 Mart 1930\u2019da ger\u00e7ekle\u015ftirdi\u011fi Burdur ziyaretinin, kentin Cumhuriyet yolundaki kararl\u0131 ad\u0131mlar\u0131n\u0131n en \u00f6nemli sembollerinden biri oldu\u011funu belirterek, &#8220;Gazi Mustafa Kemal Atat\u00fcrk, 6 Mart 1930\u2019da Burdur\u2019a gelerek milletimizle omuz omuza y\u00fcr\u00fctt\u00fc\u011f\u00fc ba\u011f\u0131ms\u0131zl\u0131k m\u00fccadelesinin kararl\u0131l\u0131\u011f\u0131n\u0131 bir kez daha g\u00f6stermi\u015ftir. O g\u00fcn, Burdur halk\u0131 Ata\u2019s\u0131n\u0131 b\u00fcy\u00fck bir sevgi, co\u015fku ve minnetle kar\u015f\u0131lam\u0131\u015f; Cumhuriyet\u2019e ve onun kazan\u0131mlar\u0131na olan ba\u011fl\u0131l\u0131\u011f\u0131n\u0131 y\u00fcrekten hayk\u0131rm\u0131\u015ft\u0131r. Atat\u00fcrk\u2019\u00fcn yurt gezileri, Cumhuriyet\u2019in halkla b\u00fct\u00fcnle\u015fmesi ve reformlar\u0131n Anadolu\u2019nun her k\u00f6\u015fesinde k\u00f6k salmas\u0131 a\u00e7\u0131s\u0131ndan b\u00fcy\u00fck \u00f6nem ta\u015f\u0131maktad\u0131r. Bu kapsamda Bat\u0131 Akdeniz\u2019in \u00fc\u00e7 ili olan Isparta, Burdur ve Antalya, Gazi\u2019nin yolculu\u011funda \u00f6zel bir yere sahiptir&#8221; dedi.<br \/>\n<br \/>T\u00f6ren, \u00e7e\u015fitli yar\u0131\u015fmalarda dereceye giren \u00f6\u011frencilere hediyeler verilmesi ve Jandarma Bando Komutanl\u0131\u011f\u0131 konseri ile sona erdi.<br \/><\/p>\n","protected":false},"excerpt":{"rendered":"<p>Gazi Mustafa Kemal Atat\u00fcrk\u2019\u00fcn Burdur\u2019a geli\u015finin 95. y\u0131ld\u00f6n\u00fcm\u00fc t\u00f6ren ile kutland\u0131. Gazi Mustafa Kemal Atat\u00fcrk\u2019\u00fcn 6 Mart 1930 y\u0131l\u0131nda Burdur\u2019a geli\u015finin 95. y\u0131ld\u00f6n\u00fcm\u00fc Burdur\u2019a geldi\u011fi zaman kar\u015f\u0131land\u0131\u011f\u0131 ilk yer olan \u00c7atalp\u0131nar mevkiinden Cumhuriyet Meydan\u0131na kadar devam eden &#8220;Ata\u2019ya Sayg\u0131&#8221; y\u00fcr\u00fcy\u00fc\u015fle ba\u015flad\u0131. Y\u00fcr\u00fcy\u00fc\u015f\u00fcn ard\u0131ndan meydanda t\u00f6ren ger\u00e7ekle\u015ftirildi. Halk oyunlar\u0131 g\u00f6sterisinin ard\u0131ndan Burdur Valisi T\u00fclay Baydar Bilgihan\u2019a&#8230;<\/p>\n","protected":false},"author":1,"featured_media":24393,"comment_status":"open","ping_status":"open","sticky":false,"template":"","format":"standard","meta":{"_crdt_document":"","footnotes":""},"categories":[1],"tags":[],"class_list":["post-24392","post","type-post","status-publish","format-standard","has-post-thumbnail","hentry","category-guncel"],"_links":{"self":[{"href":"https:\/\/www.egemtv.com\/index.php?rest_route=\/wp\/v2\/posts\/24392","targetHints":{"allow":["GET"]}}],"collection":[{"href":"https:\/\/www.egemtv.com\/index.php?rest_route=\/wp\/v2\/posts"}],"about":[{"href":"https:\/\/www.egemtv.com\/index.php?rest_route=\/wp\/v2\/types\/post"}],"author":[{"embeddable":true,"href":"https:\/\/www.egemtv.com\/index.php?rest_route=\/wp\/v2\/users\/1"}],"replies":[{"embeddable":true,"href":"https:\/\/www.egemtv.com\/index.php?rest_route=%2Fwp%2Fv2%2Fcomments&post=24392"}],"version-history":[{"count":1,"href":"https:\/\/www.egemtv.com\/index.php?rest_route=\/wp\/v2\/posts\/24392\/revisions"}],"predecessor-version":[{"id":24394,"href":"https:\/\/www.egemtv.com\/index.php?rest_route=\/wp\/v2\/posts\/24392\/revisions\/24394"}],"wp:featuredmedia":[{"embeddable":true,"href":"https:\/\/www.egemtv.com\/index.php?rest_route=\/wp\/v2\/media\/24393"}],"wp:attachment":[{"href":"https:\/\/www.egemtv.com\/index.php?rest_route=%2Fwp%2Fv2%2Fmedia&parent=24392"}],"wp:term":[{"taxonomy":"category","embeddable":true,"href":"https:\/\/www.egemtv.com\/index.php?rest_route=%2Fwp%2Fv2%2Fcategories&post=24392"},{"taxonomy":"post_tag","embeddable":true,"href":"https:\/\/www.egemtv.com\/index.php?rest_route=%2Fwp%2Fv2%2Ftags&post=24392"}],"curies":[{"name":"wp","href":"https:\/\/api.w.org\/{rel}","templated":true}]}}