{"id":24389,"date":"2025-03-06T20:28:09","date_gmt":"2025-03-06T17:28:09","guid":{"rendered":"https:\/\/www.egemtv.com\/?p=24389"},"modified":"2025-03-06T20:28:13","modified_gmt":"2025-03-06T17:28:13","slug":"golmarmarada-2-bin-kisilik-iftar-sofrasi","status":"publish","type":"post","link":"https:\/\/www.egemtv.com\/?p=24389","title":{"rendered":"G\u00f6lmarmara\u2019da 2 bin ki\u015filik iftar sofras\u0131"},"content":{"rendered":"<p>Manisa B\u00fcy\u00fck\u015fehir Belediyesi, Ramazan ay\u0131n\u0131n birlik ve beraberlik ruhunu ya\u015fatmak amac\u0131yla kent merkezinde ve il\u00e7elerde iftar programlar\u0131 d\u00fczenlemeye devam ediyor. Bu kapsamda, B\u00fcy\u00fck\u015fehir Belediyesi, G\u00f6lmarmara Kapal\u0131 Pazaryeri\u2019nde 2 bin ki\u015filik iftar program\u0131 d\u00fczenledi. G\u00f6lmarmaral\u0131 vatanda\u015flar\u0131n yo\u011fun ilgi g\u00f6sterdi\u011fi programda, oru\u00e7lar hep birlikte a\u00e7\u0131ld\u0131.<br \/>\n<br \/>D\u00fczenlenen iftar program\u0131na, Manisa B\u00fcy\u00fck\u015fehir Belediye Ba\u015fkan\u0131 Mimar Ferdi Zeyrek, CHP Manisa \u0130l Ba\u015fkan\u0131 \u0130lksen \u00d6zalper, CHP Manisa Milletvekili Ahmet Vehbi Bak\u0131rl\u0131o\u011flu, G\u00f6lmarmara Belediye Ba\u015fkan\u0131 Cem Aykan ve CHP G\u00f6lmarmara \u0130l\u00e7e Ba\u015fkan\u0131 Ferdun Sevenbige, sivil toplum kurulu\u015fu temsilcileri, muhtarlar ve vatanda\u015flar kat\u0131ld\u0131. \u0130ftar \u00f6ncesinde konu\u015fan Ba\u015fkan Cem Aykan, dayan\u0131\u015fman\u0131n ve payla\u015fman\u0131n \u00f6nemine vurgu yaparak, B\u00fcy\u00fck\u015fehir Belediyesi ile birlikte bir\u00e7ok projede oldu\u011fu gibi sosyal belediyecilik alan\u0131nda da \u00e7al\u0131\u015fmaya devam edeceklerini s\u00f6yledi.<\/p>\n<p>&#8220;Dayan\u0131\u015fma ruhunu b\u00fcy\u00fctmeye devam edece\u011fiz&#8221;<br \/>\n<br \/>\u0130ftar program\u0131nda konu\u015fan Manisa B\u00fcy\u00fck\u015fehir Belediye Ba\u015fkan\u0131 Mimar Ferdi Zeyrek, Ramazan ay\u0131n\u0131n manevi atmosferini vurgulayarak, &#8220;G\u00f6lmarmaral\u0131 hem\u015fehrilerim, iyi ki vars\u0131n\u0131z, iyi ki bir araday\u0131z. Ramazan\u2019da ayn\u0131 sofrada bulu\u015fmak, lokmam\u0131z\u0131 payla\u015fmak bizim i\u00e7in en b\u00fcy\u00fck mutluluk. 11 ay\u0131n sultan\u0131 bu m\u00fcbarek ayda sizlerle bir arada olman\u0131n sevincini ya\u015f\u0131yorum. Sosyal belediyecili\u011fin en g\u00fczel \u00f6rne\u011fi bir arada olmak, ayn\u0131 sofrada bulu\u015fup, ekme\u011fimizi b\u00f6l\u00fc\u015fmek, ayn\u0131 yeme\u011fi payla\u015fmak. Bundan sonra da hep birlikte dayan\u0131\u015fma ruhunu b\u00fcy\u00fctmeye devam edece\u011fiz. Ramazan ay\u0131n\u0131n bereketi \u00fczerinizden eksik olmas\u0131n&#8221; dedi.<br \/>\n<br \/>G\u00f6lmarmara Belediye Ba\u015fkan\u0131 Cem Aykan da, &#8220;Manisa B\u00fcy\u00fck\u015fehir Belediye Ba\u015fkan\u0131m\u0131z Say\u0131n Ferdi Zeyrek e\u015fli\u011finde yeni bir anlay\u0131\u015fla, Manisa\u2019da sosyal belediyecili\u011fi sonuna kadar ya\u015fayaca\u011f\u0131z.&#8221; \u015feklinde konu\u015farak iftara kat\u0131lanlara ve eme\u011fi ge\u00e7enlere te\u015fekk\u00fcr etti.<br \/>\n<br \/>Manisa B\u00fcy\u00fck\u015fehir Belediyesi, Ramazan boyunca kent genelinde iftar sofralar\u0131 kurmaya ve \u00e7e\u015fitli etkinlikler d\u00fczenlemeye devam edecek.<br \/><\/p>\n","protected":false},"excerpt":{"rendered":"<p>Manisa B\u00fcy\u00fck\u015fehir Belediyesi, Ramazan ay\u0131n\u0131n birlik ve beraberlik ruhunu ya\u015fatmak amac\u0131yla kent merkezinde ve il\u00e7elerde iftar programlar\u0131 d\u00fczenlemeye devam ediyor. Bu kapsamda, B\u00fcy\u00fck\u015fehir Belediyesi, G\u00f6lmarmara Kapal\u0131 Pazaryeri\u2019nde 2 bin ki\u015filik iftar program\u0131 d\u00fczenledi. G\u00f6lmarmaral\u0131 vatanda\u015flar\u0131n yo\u011fun ilgi g\u00f6sterdi\u011fi programda, oru\u00e7lar hep birlikte a\u00e7\u0131ld\u0131. D\u00fczenlenen iftar program\u0131na, Manisa B\u00fcy\u00fck\u015fehir Belediye Ba\u015fkan\u0131 Mimar Ferdi Zeyrek, CHP Manisa&#8230;<\/p>\n","protected":false},"author":1,"featured_media":24390,"comment_status":"open","ping_status":"open","sticky":false,"template":"","format":"standard","meta":{"_crdt_document":"","footnotes":""},"categories":[1],"tags":[],"class_list":["post-24389","post","type-post","status-publish","format-standard","has-post-thumbnail","hentry","category-guncel"],"_links":{"self":[{"href":"https:\/\/www.egemtv.com\/index.php?rest_route=\/wp\/v2\/posts\/24389","targetHints":{"allow":["GET"]}}],"collection":[{"href":"https:\/\/www.egemtv.com\/index.php?rest_route=\/wp\/v2\/posts"}],"about":[{"href":"https:\/\/www.egemtv.com\/index.php?rest_route=\/wp\/v2\/types\/post"}],"author":[{"embeddable":true,"href":"https:\/\/www.egemtv.com\/index.php?rest_route=\/wp\/v2\/users\/1"}],"replies":[{"embeddable":true,"href":"https:\/\/www.egemtv.com\/index.php?rest_route=%2Fwp%2Fv2%2Fcomments&post=24389"}],"version-history":[{"count":1,"href":"https:\/\/www.egemtv.com\/index.php?rest_route=\/wp\/v2\/posts\/24389\/revisions"}],"predecessor-version":[{"id":24391,"href":"https:\/\/www.egemtv.com\/index.php?rest_route=\/wp\/v2\/posts\/24389\/revisions\/24391"}],"wp:featuredmedia":[{"embeddable":true,"href":"https:\/\/www.egemtv.com\/index.php?rest_route=\/wp\/v2\/media\/24390"}],"wp:attachment":[{"href":"https:\/\/www.egemtv.com\/index.php?rest_route=%2Fwp%2Fv2%2Fmedia&parent=24389"}],"wp:term":[{"taxonomy":"category","embeddable":true,"href":"https:\/\/www.egemtv.com\/index.php?rest_route=%2Fwp%2Fv2%2Fcategories&post=24389"},{"taxonomy":"post_tag","embeddable":true,"href":"https:\/\/www.egemtv.com\/index.php?rest_route=%2Fwp%2Fv2%2Ftags&post=24389"}],"curies":[{"name":"wp","href":"https:\/\/api.w.org\/{rel}","templated":true}]}}