{"id":24383,"date":"2025-03-06T18:50:57","date_gmt":"2025-03-06T15:50:57","guid":{"rendered":"https:\/\/www.egemtv.com\/?p=24383"},"modified":"2025-03-06T18:51:00","modified_gmt":"2025-03-06T15:51:00","slug":"izmirde-korsan-taksi-cagirip-gasbeden-3-supheli-yakalandi","status":"publish","type":"post","link":"https:\/\/www.egemtv.com\/?p=24383","title":{"rendered":"\u0130zmir\u2019de korsan taksi \u00e7a\u011f\u0131r\u0131p gasbeden 3 \u015f\u00fcpheli yakaland\u0131"},"content":{"rendered":"<p>\u0130zmir\u2019de bir korsan taksi s\u00fcr\u00fcc\u00fcs\u00fc, arac\u0131na ald\u0131\u011f\u0131 m\u00fc\u015fterileri taraf\u0131ndan gasbedilmeye \u00e7al\u0131\u015f\u0131l\u0131nca kendini ara\u00e7tan att\u0131. Polis arabay\u0131 gasbeden \u015fah\u0131slar\u0131 k\u0131sk\u0131vrak yakalad\u0131.<br \/>\n<br \/>Olay, saat 10.30 s\u0131ralar\u0131nda Bayrakl\u0131 il\u00e7esi So\u011fukkuyu Mahallesi\u2019nde meydana geldi. H.Y.K. (33), 35 HE 1165 plakal\u0131 korsan taksisiyle m\u00fc\u015fterilerin \u00e7a\u011f\u0131rmas\u0131 \u00fczerine Anadolu Caddesi \u00fczerinde bulunan bir benzin istasyonuna geldi. Korsan taksiye binen 2 m\u00fc\u015fteri \u00f6nce s\u00fcr\u00fcc\u00fcden \u00d6rnekk\u00f6y Mahallesi\u2019ne gitmek istedi. Daha sonra araban\u0131n i\u00e7inde \u015fof\u00f6r\u00fc tehdit etmeye ba\u015flayan \u015fah\u0131slar 2 saat gezindikten sonra Evka-5 semtine u\u011fray\u0131p bir arkada\u015flar\u0131n\u0131 daha araca ald\u0131lar. C.\u00d6. (19), K.B. (19) ve U.\u00d6. (17) taraf\u0131ndan gasbedilmeye \u00e7al\u0131\u015f\u0131lan korsan taksi s\u00fcr\u00fcc\u00fcs\u00fc \u00f6nce canl\u0131 konumunu arkada\u015flar\u0131na g\u00f6nderdi, daha sonra ani bir reflekse \u015fof\u00f6r kap\u0131s\u0131n\u0131 a\u00e7\u0131p kendi ara\u00e7tan d\u0131\u015far\u0131 att\u0131. Gasp\u00e7\u0131lardan can\u0131n\u0131 kurtaran s\u00fcr\u00fcc\u00fc, durumu polis ekiplerine bildirdi. Polis ekipleri taraf\u0131ndan olayla ilgili \u00e7al\u0131\u015fma ba\u015flat\u0131ld\u0131.<br \/>\n<br \/>Bayrakl\u0131 Su\u00e7 \u00d6nleme ve Soru\u015fturma B\u00fcro Amirli\u011fine ekiplerince yap\u0131lan kamera ve saha \u00e7al\u0131\u015fmalar\u0131nda olay\u0131n \u015f\u00fcphelilerinin C.\u00d6. (19), K.B. (19) ve U.\u00d6. (17) olduklar\u0131 tespit edildi. Gasbedilen arac\u0131n plakas\u0131 s\u00f6k\u00fclm\u00fc\u015f vaziyette kullanan C.\u00d6. polis ekipleri taraf\u0131ndan durdurulmak istenince ka\u00e7t\u0131. K\u0131sa bir kovalamacan\u0131n ard\u0131ndan \u015fah\u0131s gasbetti\u011fi ara\u00e7la birlikte yakaland\u0131. Di\u011fer \u015fah\u0131slar K.B. ve U.\u00d6. Kubilay Caddesi\u2019nde yakaland\u0131. Olayla ilgisi oldu\u011fu d\u00fc\u015f\u00fcn\u00fclen C.T.\u2019yi (20) ise arama \u00e7al\u0131\u015fmalar\u0131 devam ediyor.<br \/><\/p>\n","protected":false},"excerpt":{"rendered":"<p>\u0130zmir\u2019de bir korsan taksi s\u00fcr\u00fcc\u00fcs\u00fc, arac\u0131na ald\u0131\u011f\u0131 m\u00fc\u015fterileri taraf\u0131ndan gasbedilmeye \u00e7al\u0131\u015f\u0131l\u0131nca kendini ara\u00e7tan att\u0131. Polis arabay\u0131 gasbeden \u015fah\u0131slar\u0131 k\u0131sk\u0131vrak yakalad\u0131. Olay, saat 10.30 s\u0131ralar\u0131nda Bayrakl\u0131 il\u00e7esi So\u011fukkuyu Mahallesi\u2019nde meydana geldi. H.Y.K. (33), 35 HE 1165 plakal\u0131 korsan taksisiyle m\u00fc\u015fterilerin \u00e7a\u011f\u0131rmas\u0131 \u00fczerine Anadolu Caddesi \u00fczerinde bulunan bir benzin istasyonuna geldi. Korsan taksiye binen 2 m\u00fc\u015fteri \u00f6nce&#8230;<\/p>\n","protected":false},"author":1,"featured_media":24384,"comment_status":"open","ping_status":"open","sticky":false,"template":"","format":"standard","meta":{"_crdt_document":"","footnotes":""},"categories":[5],"tags":[],"class_list":["post-24383","post","type-post","status-publish","format-standard","has-post-thumbnail","hentry","category-asayis"],"_links":{"self":[{"href":"https:\/\/www.egemtv.com\/index.php?rest_route=\/wp\/v2\/posts\/24383","targetHints":{"allow":["GET"]}}],"collection":[{"href":"https:\/\/www.egemtv.com\/index.php?rest_route=\/wp\/v2\/posts"}],"about":[{"href":"https:\/\/www.egemtv.com\/index.php?rest_route=\/wp\/v2\/types\/post"}],"author":[{"embeddable":true,"href":"https:\/\/www.egemtv.com\/index.php?rest_route=\/wp\/v2\/users\/1"}],"replies":[{"embeddable":true,"href":"https:\/\/www.egemtv.com\/index.php?rest_route=%2Fwp%2Fv2%2Fcomments&post=24383"}],"version-history":[{"count":1,"href":"https:\/\/www.egemtv.com\/index.php?rest_route=\/wp\/v2\/posts\/24383\/revisions"}],"predecessor-version":[{"id":24385,"href":"https:\/\/www.egemtv.com\/index.php?rest_route=\/wp\/v2\/posts\/24383\/revisions\/24385"}],"wp:featuredmedia":[{"embeddable":true,"href":"https:\/\/www.egemtv.com\/index.php?rest_route=\/wp\/v2\/media\/24384"}],"wp:attachment":[{"href":"https:\/\/www.egemtv.com\/index.php?rest_route=%2Fwp%2Fv2%2Fmedia&parent=24383"}],"wp:term":[{"taxonomy":"category","embeddable":true,"href":"https:\/\/www.egemtv.com\/index.php?rest_route=%2Fwp%2Fv2%2Fcategories&post=24383"},{"taxonomy":"post_tag","embeddable":true,"href":"https:\/\/www.egemtv.com\/index.php?rest_route=%2Fwp%2Fv2%2Ftags&post=24383"}],"curies":[{"name":"wp","href":"https:\/\/api.w.org\/{rel}","templated":true}]}}