{"id":24380,"date":"2025-03-06T18:50:53","date_gmt":"2025-03-06T15:50:53","guid":{"rendered":"https:\/\/www.egemtv.com\/?p=24380"},"modified":"2025-03-06T18:50:57","modified_gmt":"2025-03-06T15:50:57","slug":"marmaris-kaymakami-kayadan-duzensiz-goce-karsi-denetim","status":"publish","type":"post","link":"https:\/\/www.egemtv.com\/?p=24380","title":{"rendered":"Marmaris Kaymakam\u0131 Kaya\u2019dan d\u00fczensiz g\u00f6\u00e7e kar\u015f\u0131 denetim"},"content":{"rendered":"<p>Marmaris Kaymakam\u0131 Nurullah Kaya, d\u00fczensiz g\u00f6\u00e7le m\u00fccadele kapsam\u0131nda Sahil G\u00fcvenlik ekipleriyle birlikte denetime \u00e7\u0131kt\u0131.<\/p>\n<p>Sahil G\u00fcvenlik G\u00fcney Ege Grup Komutan\u0131 Yarbay Ak\u0131n Co\u015fkunlar ile TCSG 310 botuna kat\u0131lan Kaymakam Kaya, Marmaris, Turun\u00e7, Kumlub\u00fck, Armella Koyu ve \u00c7iftlik Koyu sahillerinde incelemelerde bulundu. Denetimlerde, yasa d\u0131\u015f\u0131 ge\u00e7i\u015flerin \u00f6nlenmesine y\u00f6nelik al\u0131nan \u00f6nlemler de\u011ferlendirildi. Kaymakam Kaya, b\u00f6lgedeki d\u00fczensiz g\u00f6\u00e7 hareketlili\u011fine kar\u015f\u0131 m\u00fccadelenin kararl\u0131l\u0131kla s\u00fcrd\u00fc\u011f\u00fcn\u00fc belirterek, g\u00fcvenlik g\u00fc\u00e7lerinin 7\/24 sahada oldu\u011funu vurgulad\u0131.<br \/><\/p>\n","protected":false},"excerpt":{"rendered":"<p>Marmaris Kaymakam\u0131 Nurullah Kaya, d\u00fczensiz g\u00f6\u00e7le m\u00fccadele kapsam\u0131nda Sahil G\u00fcvenlik ekipleriyle birlikte denetime \u00e7\u0131kt\u0131. Sahil G\u00fcvenlik G\u00fcney Ege Grup Komutan\u0131 Yarbay Ak\u0131n Co\u015fkunlar ile TCSG 310 botuna kat\u0131lan Kaymakam Kaya, Marmaris, Turun\u00e7, Kumlub\u00fck, Armella Koyu ve \u00c7iftlik Koyu sahillerinde incelemelerde bulundu. Denetimlerde, yasa d\u0131\u015f\u0131 ge\u00e7i\u015flerin \u00f6nlenmesine y\u00f6nelik al\u0131nan \u00f6nlemler de\u011ferlendirildi. Kaymakam Kaya, b\u00f6lgedeki d\u00fczensiz g\u00f6\u00e7&#8230;<\/p>\n","protected":false},"author":1,"featured_media":24381,"comment_status":"open","ping_status":"open","sticky":false,"template":"","format":"standard","meta":{"_crdt_document":"","footnotes":""},"categories":[1],"tags":[],"class_list":["post-24380","post","type-post","status-publish","format-standard","has-post-thumbnail","hentry","category-guncel"],"_links":{"self":[{"href":"https:\/\/www.egemtv.com\/index.php?rest_route=\/wp\/v2\/posts\/24380","targetHints":{"allow":["GET"]}}],"collection":[{"href":"https:\/\/www.egemtv.com\/index.php?rest_route=\/wp\/v2\/posts"}],"about":[{"href":"https:\/\/www.egemtv.com\/index.php?rest_route=\/wp\/v2\/types\/post"}],"author":[{"embeddable":true,"href":"https:\/\/www.egemtv.com\/index.php?rest_route=\/wp\/v2\/users\/1"}],"replies":[{"embeddable":true,"href":"https:\/\/www.egemtv.com\/index.php?rest_route=%2Fwp%2Fv2%2Fcomments&post=24380"}],"version-history":[{"count":1,"href":"https:\/\/www.egemtv.com\/index.php?rest_route=\/wp\/v2\/posts\/24380\/revisions"}],"predecessor-version":[{"id":24382,"href":"https:\/\/www.egemtv.com\/index.php?rest_route=\/wp\/v2\/posts\/24380\/revisions\/24382"}],"wp:featuredmedia":[{"embeddable":true,"href":"https:\/\/www.egemtv.com\/index.php?rest_route=\/wp\/v2\/media\/24381"}],"wp:attachment":[{"href":"https:\/\/www.egemtv.com\/index.php?rest_route=%2Fwp%2Fv2%2Fmedia&parent=24380"}],"wp:term":[{"taxonomy":"category","embeddable":true,"href":"https:\/\/www.egemtv.com\/index.php?rest_route=%2Fwp%2Fv2%2Fcategories&post=24380"},{"taxonomy":"post_tag","embeddable":true,"href":"https:\/\/www.egemtv.com\/index.php?rest_route=%2Fwp%2Fv2%2Ftags&post=24380"}],"curies":[{"name":"wp","href":"https:\/\/api.w.org\/{rel}","templated":true}]}}