{"id":24377,"date":"2025-03-06T18:50:47","date_gmt":"2025-03-06T15:50:47","guid":{"rendered":"https:\/\/www.egemtv.com\/?p=24377"},"modified":"2025-03-06T18:50:53","modified_gmt":"2025-03-06T15:50:53","slug":"kutahya-osbnin-7-olagan-genel-kurulu-yogun-katilimla-gerceklesti","status":"publish","type":"post","link":"https:\/\/www.egemtv.com\/?p=24377","title":{"rendered":"K\u00fctahya OSB\u2019nin 7. Ola\u011fan Genel Kurulu yo\u011fun kat\u0131l\u0131mla ger\u00e7ekle\u015fti"},"content":{"rendered":"<p>K\u00fctahya Organize Sanayi B\u00f6lgesi, (OSB) sanayicilerin yo\u011fun kat\u0131l\u0131m\u0131yla 7. Ola\u011fan Genel Kurul Toplant\u0131s\u0131\u2019n\u0131 ger\u00e7ekle\u015ftirdi. B\u00f6lgenin stratejik vizyonu, s\u00fcrd\u00fcr\u00fclebilir b\u00fcy\u00fcme hedefleri ve performans raporlar\u0131 detayl\u0131 bir \u015fekilde ele al\u0131narak, gelece\u011fe y\u00f6nelik g\u00fc\u00e7l\u00fc ad\u0131mlar at\u0131lmas\u0131 i\u00e7in \u00f6nemli kararlar al\u0131nd\u0131.<br \/>\n<br \/>Toplant\u0131n\u0131n a\u00e7\u0131l\u0131\u015f konu\u015fmas\u0131n\u0131 ger\u00e7ekle\u015ftiren K\u00fctahya Organize Sanayi B\u00f6lgesi Y\u00f6netim Kurulu Ba\u015fkan\u0131 Tolga Eskio\u011flu, b\u00f6lgenin hedeflerine ula\u015fmak ad\u0131na izlenen yol haritas\u0131n\u0131 payla\u015ft\u0131. Eskio\u011flu, konu\u015fmas\u0131nda s\u00fcrd\u00fcr\u00fclebilirlik, teknolojiye adaptasyon ve sanayi i\u015f birlikleri konular\u0131na vurgu yaparak, K\u00fctahya OSB\u2019nin yaln\u0131zca b\u00f6lgesel de\u011fil, ulusal sanayi sahnesinde de g\u00fc\u00e7lenmeye devam edece\u011fini belirtti. A\u00e7\u0131l\u0131\u015f\u0131n ard\u0131ndan Divan Kurulu Ba\u015fkan\u0131 ve \u00fcyelerinin se\u00e7imi yap\u0131ld\u0131 ve Genel Kurul\u2019un di\u011fer g\u00fcndem maddeleri g\u00f6r\u00fc\u015f\u00fclerek yat\u0131r\u0131mc\u0131lar\u0131n oylamas\u0131na sunuldu.<br \/>\n<br \/>B\u00f6lge M\u00fcd\u00fcr\u00fc Tunahan Ergin, 2024 y\u0131l\u0131 Faaliyet Raporu\u2019nu ayr\u0131nt\u0131l\u0131 bir \u015fekilde sunarak, OSB\u2019nin finansal y\u00f6netimindeki sa\u011flaml\u0131\u011f\u0131 ve \u015feffafl\u0131k ilkesi do\u011frultusunda y\u00fcr\u00fct\u00fclen \u00e7al\u0131\u015fmalar\u0131 aktard\u0131. A\u00e7\u0131klanan tahmini b\u00fct\u00e7e ve \u00e7al\u0131\u015fma planlar\u0131, gelecek d\u00f6nemde B\u00f6lge\u2019nin geli\u015fimine katk\u0131 sa\u011flayacak projelerin titizlikle haz\u0131rland\u0131\u011f\u0131n\u0131 g\u00f6zler \u00f6n\u00fcne serdi.<br \/>\n<br \/>Toplant\u0131n\u0131n sonunda Y\u00f6netim Kurulu Ba\u015fkan\u0131 Tolga Eskio\u011flu, kat\u0131l\u0131mc\u0131lara te\u015fekk\u00fcr ederek, K\u00fctahya OSB\u2019nin sanayicilerle birlikte daha g\u00fc\u00e7l\u00fc bir gelece\u011fe ilerleyece\u011fini vurgulad\u0131. 7. Ola\u011fan Genel Kurul, birlik ve dayan\u0131\u015fma i\u00e7inde tamamlanarak, B\u00f6lge\u2019nin s\u00fcrd\u00fcr\u00fclebilir b\u00fcy\u00fcmesine y\u00f6nelik \u00f6nemli kararlar\u0131n al\u0131nd\u0131\u011f\u0131 bir platform oldu.<br \/><\/p>\n","protected":false},"excerpt":{"rendered":"<p>K\u00fctahya Organize Sanayi B\u00f6lgesi, (OSB) sanayicilerin yo\u011fun kat\u0131l\u0131m\u0131yla 7. Ola\u011fan Genel Kurul Toplant\u0131s\u0131\u2019n\u0131 ger\u00e7ekle\u015ftirdi. B\u00f6lgenin stratejik vizyonu, s\u00fcrd\u00fcr\u00fclebilir b\u00fcy\u00fcme hedefleri ve performans raporlar\u0131 detayl\u0131 bir \u015fekilde ele al\u0131narak, gelece\u011fe y\u00f6nelik g\u00fc\u00e7l\u00fc ad\u0131mlar at\u0131lmas\u0131 i\u00e7in \u00f6nemli kararlar al\u0131nd\u0131. Toplant\u0131n\u0131n a\u00e7\u0131l\u0131\u015f konu\u015fmas\u0131n\u0131 ger\u00e7ekle\u015ftiren K\u00fctahya Organize Sanayi B\u00f6lgesi Y\u00f6netim Kurulu Ba\u015fkan\u0131 Tolga Eskio\u011flu, b\u00f6lgenin hedeflerine ula\u015fmak ad\u0131na izlenen&#8230;<\/p>\n","protected":false},"author":1,"featured_media":24378,"comment_status":"open","ping_status":"open","sticky":false,"template":"","format":"standard","meta":{"_crdt_document":"","footnotes":""},"categories":[125],"tags":[],"class_list":["post-24377","post","type-post","status-publish","format-standard","has-post-thumbnail","hentry","category-ekonomi"],"_links":{"self":[{"href":"https:\/\/www.egemtv.com\/index.php?rest_route=\/wp\/v2\/posts\/24377","targetHints":{"allow":["GET"]}}],"collection":[{"href":"https:\/\/www.egemtv.com\/index.php?rest_route=\/wp\/v2\/posts"}],"about":[{"href":"https:\/\/www.egemtv.com\/index.php?rest_route=\/wp\/v2\/types\/post"}],"author":[{"embeddable":true,"href":"https:\/\/www.egemtv.com\/index.php?rest_route=\/wp\/v2\/users\/1"}],"replies":[{"embeddable":true,"href":"https:\/\/www.egemtv.com\/index.php?rest_route=%2Fwp%2Fv2%2Fcomments&post=24377"}],"version-history":[{"count":1,"href":"https:\/\/www.egemtv.com\/index.php?rest_route=\/wp\/v2\/posts\/24377\/revisions"}],"predecessor-version":[{"id":24379,"href":"https:\/\/www.egemtv.com\/index.php?rest_route=\/wp\/v2\/posts\/24377\/revisions\/24379"}],"wp:featuredmedia":[{"embeddable":true,"href":"https:\/\/www.egemtv.com\/index.php?rest_route=\/wp\/v2\/media\/24378"}],"wp:attachment":[{"href":"https:\/\/www.egemtv.com\/index.php?rest_route=%2Fwp%2Fv2%2Fmedia&parent=24377"}],"wp:term":[{"taxonomy":"category","embeddable":true,"href":"https:\/\/www.egemtv.com\/index.php?rest_route=%2Fwp%2Fv2%2Fcategories&post=24377"},{"taxonomy":"post_tag","embeddable":true,"href":"https:\/\/www.egemtv.com\/index.php?rest_route=%2Fwp%2Fv2%2Ftags&post=24377"}],"curies":[{"name":"wp","href":"https:\/\/api.w.org\/{rel}","templated":true}]}}