{"id":24374,"date":"2025-03-06T18:12:04","date_gmt":"2025-03-06T15:12:04","guid":{"rendered":"https:\/\/www.egemtv.com\/?p=24374"},"modified":"2025-03-06T18:12:08","modified_gmt":"2025-03-06T15:12:08","slug":"dolandirici-jandarmadan-kacamadi","status":"publish","type":"post","link":"https:\/\/www.egemtv.com\/?p=24374","title":{"rendered":"Doland\u0131r\u0131c\u0131 jandarmadan ka\u00e7amad\u0131"},"content":{"rendered":"<p>K\u00fctahya\u2019n\u0131n Tav\u015fanl\u0131 il\u00e7esinde kendisini jandarma personeli olarak tan\u0131tarak k\u00f6yl\u00fc vatanda\u015f\u0131 doland\u0131ran \u015fah\u0131s K\u00fctahya ve Bal\u0131kesir \u0130l Jandarma Komutanl\u0131\u011f\u0131 ekiplerinin koordineli \u00e7al\u0131\u015fmas\u0131 sonucu 400 bin TL\u2019lik ziynet e\u015fyalar\u0131 ile birlikte yakaland\u0131. \u015eah\u0131s \u00e7\u0131kar\u0131ld\u0131\u011f\u0131 mahkemece tutukland\u0131.<br \/>\n<br \/>Al\u0131nan bilgiye g\u00f6re, 3 Mart 2025 tarihinde K\u00fctahya\u2019n\u0131n Tav\u015fanl\u0131 il\u00e7esi Yenik\u00f6y K\u00f6y\u00fcnde ikamet eden bir vatanda\u015f, evinde bulunan sabit telefon hatt\u0131n\u0131 kendisini jandarma personeli olarak tan\u0131tan erkek bir \u015fah\u0131s taraf\u0131ndan arand\u0131\u011f\u0131n\u0131 ve evinde bulunan 400 bin TL civar\u0131ndaki ziynet e\u015fyas\u0131n\u0131 evine gelen \u015fahsa teslim etti\u011fini, \u015fahs\u0131n ve alt\u0131nlar\u0131n geri gelmemesi \u00fczerine doland\u0131r\u0131ld\u0131\u011f\u0131n\u0131 beyan ederek jandarmaya m\u00fcracaatta bulundu.<br \/>\n<br \/>K\u00fctahya \u0130l Jandarma Komutanl\u0131\u011f\u0131 unsurlar\u0131nca, olay\u0131n ayd\u0131nlat\u0131lmas\u0131na y\u00f6nelik yap\u0131lan saha ara\u015ft\u0131rmalar\u0131 neticesinde olay\u0131 ger\u00e7ekle\u015ftiren \u015f\u00fcpheli \u015fah\u0131s tespit edildi. Akabinde Bal\u0131kesir \u0130l Jandarma Komutanl\u0131\u011f\u0131 ekipleriyle ger\u00e7ekle\u015ftirilen koordineli \u00e7al\u0131\u015fma sonucunda \u015fah\u0131s ziynet e\u015fyalar\u0131yla birlikte yakaland\u0131. G\u00f6zalt\u0131na al\u0131nan \u015fah\u0131s \u00e7\u0131kar\u0131ld\u0131\u011f\u0131 mahkemece tutuklanarak cezaevine g\u00f6nderildi.<br \/><\/p>\n","protected":false},"excerpt":{"rendered":"<p>K\u00fctahya\u2019n\u0131n Tav\u015fanl\u0131 il\u00e7esinde kendisini jandarma personeli olarak tan\u0131tarak k\u00f6yl\u00fc vatanda\u015f\u0131 doland\u0131ran \u015fah\u0131s K\u00fctahya ve Bal\u0131kesir \u0130l Jandarma Komutanl\u0131\u011f\u0131 ekiplerinin koordineli \u00e7al\u0131\u015fmas\u0131 sonucu 400 bin TL\u2019lik ziynet e\u015fyalar\u0131 ile birlikte yakaland\u0131. \u015eah\u0131s \u00e7\u0131kar\u0131ld\u0131\u011f\u0131 mahkemece tutukland\u0131. Al\u0131nan bilgiye g\u00f6re, 3 Mart 2025 tarihinde K\u00fctahya\u2019n\u0131n Tav\u015fanl\u0131 il\u00e7esi Yenik\u00f6y K\u00f6y\u00fcnde ikamet eden bir vatanda\u015f, evinde bulunan sabit telefon hatt\u0131n\u0131&#8230;<\/p>\n","protected":false},"author":1,"featured_media":24375,"comment_status":"open","ping_status":"open","sticky":false,"template":"","format":"standard","meta":{"_crdt_document":"","footnotes":""},"categories":[5],"tags":[],"class_list":["post-24374","post","type-post","status-publish","format-standard","has-post-thumbnail","hentry","category-asayis"],"_links":{"self":[{"href":"https:\/\/www.egemtv.com\/index.php?rest_route=\/wp\/v2\/posts\/24374","targetHints":{"allow":["GET"]}}],"collection":[{"href":"https:\/\/www.egemtv.com\/index.php?rest_route=\/wp\/v2\/posts"}],"about":[{"href":"https:\/\/www.egemtv.com\/index.php?rest_route=\/wp\/v2\/types\/post"}],"author":[{"embeddable":true,"href":"https:\/\/www.egemtv.com\/index.php?rest_route=\/wp\/v2\/users\/1"}],"replies":[{"embeddable":true,"href":"https:\/\/www.egemtv.com\/index.php?rest_route=%2Fwp%2Fv2%2Fcomments&post=24374"}],"version-history":[{"count":1,"href":"https:\/\/www.egemtv.com\/index.php?rest_route=\/wp\/v2\/posts\/24374\/revisions"}],"predecessor-version":[{"id":24376,"href":"https:\/\/www.egemtv.com\/index.php?rest_route=\/wp\/v2\/posts\/24374\/revisions\/24376"}],"wp:featuredmedia":[{"embeddable":true,"href":"https:\/\/www.egemtv.com\/index.php?rest_route=\/wp\/v2\/media\/24375"}],"wp:attachment":[{"href":"https:\/\/www.egemtv.com\/index.php?rest_route=%2Fwp%2Fv2%2Fmedia&parent=24374"}],"wp:term":[{"taxonomy":"category","embeddable":true,"href":"https:\/\/www.egemtv.com\/index.php?rest_route=%2Fwp%2Fv2%2Fcategories&post=24374"},{"taxonomy":"post_tag","embeddable":true,"href":"https:\/\/www.egemtv.com\/index.php?rest_route=%2Fwp%2Fv2%2Ftags&post=24374"}],"curies":[{"name":"wp","href":"https:\/\/api.w.org\/{rel}","templated":true}]}}