{"id":24371,"date":"2025-03-06T17:52:52","date_gmt":"2025-03-06T14:52:52","guid":{"rendered":"https:\/\/www.egemtv.com\/?p=24371"},"modified":"2025-03-06T17:52:57","modified_gmt":"2025-03-06T14:52:57","slug":"efeler-belediyesinden-budama-atiklari-uyarisi","status":"publish","type":"post","link":"https:\/\/www.egemtv.com\/?p=24371","title":{"rendered":"Efeler Belediyesi\u2019nden budama at\u0131klar\u0131 uyar\u0131s\u0131"},"content":{"rendered":"<p>Efeler Belediyesi, \u00f6zel m\u00fclkiyet alan\u0131nda bulunan budama at\u0131klar\u0131n\u0131 rastgele \u015fehrin farkl\u0131 noktalar\u0131na b\u0131rakanlara, bilgilendirmede bulundu.<\/p>\n<p>Efeler Belediyesi Park ve Bah\u00e7eler M\u00fcd\u00fcrl\u00fc\u011f\u00fc ile Temizlik \u0130\u015fleri M\u00fcd\u00fcrl\u00fc\u011f\u00fc ekipleri g\u00f6rev ve yetki alan\u0131ndaki sorumluluklar\u0131n\u0131 eksiksiz \u015fekilde yerine getirmeye devam ediyor. \u00d6te yandan \u00f6zel m\u00fclkiyet alan\u0131nda yer alan a\u011fa\u00e7lar\u0131n budamas\u0131 ve bu i\u015flem sonucu ortaya \u00e7\u0131kan at\u0131klar\u0131n kentin farkl\u0131 noktalar\u0131nda cadde, sokak ve kald\u0131r\u0131mlara b\u0131rak\u0131ld\u0131\u011f\u0131 g\u00f6zlemlendi. Yaya ve ara\u00e7 trafi\u011finin g\u00fcvenli \u015fekilde ak\u0131\u015f\u0131na engel olan ve kent esteti\u011fini bozan bu durumun ard\u0131ndan, vatanda\u015flara konuyla ilgili bilgilendirme yap\u0131ld\u0131.<\/p>\n<p>Efeler Belediyesi\u2019nin sosyal medya hesaplar\u0131ndan yap\u0131lan payla\u015f\u0131mda il\u00e7e sakinlerine budama at\u0131klar\u0131n\u0131 cadde, sokak ya da kald\u0131r\u0131mlara geli\u015fig\u00fczel b\u0131rakmamalar\u0131 gerekti\u011fi hat\u0131rlat\u0131ld\u0131. Ayr\u0131ca s\u00f6z konusu i\u015flemin Efeler Belediyesi taraf\u0131ndan yap\u0131lmas\u0131n\u0131 isteyen vatanda\u015flar, 444 80 09 numaral\u0131 telefonu arac\u0131l\u0131\u011f\u0131yla ba\u015fvuruda bulunabilecek. Talep i\u00e7in gerekli \u00fccretin \u00f6denmesinin ard\u0131ndan, belediye personeli i\u015flemleri ger\u00e7ekle\u015ftirebilecek. Kanunlara g\u00f6re belirlenen bu s\u00fcrece ayk\u0131r\u0131 davranarak budama at\u0131klar\u0131n\u0131 soka\u011fa b\u0131rakanlar hakk\u0131nda ise Kabahatler Kanunu\u2019nun ilgili maddesi gere\u011fince ceza uygulanacak.<br \/><\/p>\n","protected":false},"excerpt":{"rendered":"<p>Efeler Belediyesi, \u00f6zel m\u00fclkiyet alan\u0131nda bulunan budama at\u0131klar\u0131n\u0131 rastgele \u015fehrin farkl\u0131 noktalar\u0131na b\u0131rakanlara, bilgilendirmede bulundu. Efeler Belediyesi Park ve Bah\u00e7eler M\u00fcd\u00fcrl\u00fc\u011f\u00fc ile Temizlik \u0130\u015fleri M\u00fcd\u00fcrl\u00fc\u011f\u00fc ekipleri g\u00f6rev ve yetki alan\u0131ndaki sorumluluklar\u0131n\u0131 eksiksiz \u015fekilde yerine getirmeye devam ediyor. \u00d6te yandan \u00f6zel m\u00fclkiyet alan\u0131nda yer alan a\u011fa\u00e7lar\u0131n budamas\u0131 ve bu i\u015flem sonucu ortaya \u00e7\u0131kan at\u0131klar\u0131n kentin farkl\u0131&#8230;<\/p>\n","protected":false},"author":1,"featured_media":24372,"comment_status":"open","ping_status":"open","sticky":false,"template":"","format":"standard","meta":{"_crdt_document":"","footnotes":""},"categories":[1],"tags":[],"class_list":["post-24371","post","type-post","status-publish","format-standard","has-post-thumbnail","hentry","category-guncel"],"_links":{"self":[{"href":"https:\/\/www.egemtv.com\/index.php?rest_route=\/wp\/v2\/posts\/24371","targetHints":{"allow":["GET"]}}],"collection":[{"href":"https:\/\/www.egemtv.com\/index.php?rest_route=\/wp\/v2\/posts"}],"about":[{"href":"https:\/\/www.egemtv.com\/index.php?rest_route=\/wp\/v2\/types\/post"}],"author":[{"embeddable":true,"href":"https:\/\/www.egemtv.com\/index.php?rest_route=\/wp\/v2\/users\/1"}],"replies":[{"embeddable":true,"href":"https:\/\/www.egemtv.com\/index.php?rest_route=%2Fwp%2Fv2%2Fcomments&post=24371"}],"version-history":[{"count":1,"href":"https:\/\/www.egemtv.com\/index.php?rest_route=\/wp\/v2\/posts\/24371\/revisions"}],"predecessor-version":[{"id":24373,"href":"https:\/\/www.egemtv.com\/index.php?rest_route=\/wp\/v2\/posts\/24371\/revisions\/24373"}],"wp:featuredmedia":[{"embeddable":true,"href":"https:\/\/www.egemtv.com\/index.php?rest_route=\/wp\/v2\/media\/24372"}],"wp:attachment":[{"href":"https:\/\/www.egemtv.com\/index.php?rest_route=%2Fwp%2Fv2%2Fmedia&parent=24371"}],"wp:term":[{"taxonomy":"category","embeddable":true,"href":"https:\/\/www.egemtv.com\/index.php?rest_route=%2Fwp%2Fv2%2Fcategories&post=24371"},{"taxonomy":"post_tag","embeddable":true,"href":"https:\/\/www.egemtv.com\/index.php?rest_route=%2Fwp%2Fv2%2Ftags&post=24371"}],"curies":[{"name":"wp","href":"https:\/\/api.w.org\/{rel}","templated":true}]}}