{"id":24368,"date":"2025-03-06T17:25:05","date_gmt":"2025-03-06T14:25:05","guid":{"rendered":"https:\/\/www.egemtv.com\/?p=24368"},"modified":"2025-03-06T17:25:10","modified_gmt":"2025-03-06T14:25:10","slug":"merkezefendi-belediyesinin-el-ele-iyilik-hareketi-binlerce-ihtiyac-sahibine-umut-oluyor","status":"publish","type":"post","link":"https:\/\/www.egemtv.com\/?p=24368","title":{"rendered":"Merkezefendi Belediyesinin  \u2018El Ele \u0130yilik Hareketi\u2019 binlerce ihtiya\u00e7 sahibine umut oluyor"},"content":{"rendered":"<p>Her y\u0131l Ramazan ay\u0131na \u00f6zel olarak yap\u0131lan \u2018Merkezefendi El Ele \u0130yilik Hareketi\u2019yle, bug\u00fcne kadar 1804 ihtiya\u00e7 sahibine s\u0131cak iftar yeme\u011fi ve 301 ki\u015fiye g\u0131da kolisi ula\u015ft\u0131rd\u0131. Ba\u015fkan Do\u011fan, &#8220;Dayan\u0131\u015fmaya, payla\u015fmaya devam ediyoruz&#8221; dedi.<\/p>\n<p>Merkezefendi Belediyesi taraf\u0131ndan her y\u0131l Ramazan ay\u0131nda uygulanan \u2018Merkezefendi El Ele \u0130yilik Hareketi\u2019 b\u00fcy\u00fcmeye devam ediyor. \u0130yilik hareketinin ba\u015flad\u0131\u011f\u0131 g\u00fcnden bu yana hay\u0131rseverler s\u0131cak iftar yeme\u011fine deste\u011fine 734 bin 220 TL, g\u0131da kolisi deste\u011fine ise 621 bin 750 TL katk\u0131da bulundu.<br \/>\n<br \/>Sisteme kay\u0131tl\u0131, zorlu ekonomik \u015fartlarda hizmet veren ve iyilik hareketi ile destek olunan restoranlarda haz\u0131rlanan iftar men\u00fcleri ihtiya\u00e7 sahiplerinin adreslerine teslim ediliyor. Ayn\u0131 \u015fekilde g\u0131da kolileri de sisteme kay\u0131tl\u0131 ihtiya\u00e7 sahiplerinin adreslerine teslim ediliyor.<br \/>\n<br \/>\u2018Merkezefendi El Ele \u0130yilik Hareketi\u2019ne destek olmak isteyen hay\u0131rseverler Merkezefendi Belediyesi internet adresinden s\u0131cak yemek ba\u011f\u0131\u015f\u0131 180 TL ve katlar\u0131nda yard\u0131mda bulunabilecek, g\u0131da kolisinde ise ba\u011f\u0131\u015f \u00fccreti 750 TL olarak belirlendi.<\/p>\n<p>&#8220;Dayan\u0131\u015fmam\u0131z her ge\u00e7en g\u00fcn daha da b\u00fcy\u00fcyor&#8221;<br \/>\n<br \/>Zor g\u00fcnleri her zaman birlik ve beraberlikle gidereceklerini ifade eden Merkezefendi Belediye Ba\u015fkan\u0131 \u015eeniz Do\u011fan, dayan\u0131\u015fman\u0131n her ge\u00e7en g\u00fcn b\u00fcy\u00fcd\u00fc\u011f\u00fcn\u00fc s\u00f6yledi. Do\u011fan, &#8220;Hay\u0131rsever hem\u015ferilerimizin \u2018Merkezefendi El Ele \u0130yilik Hareketi\u2019mize sa\u011flad\u0131\u011f\u0131 destek sayesinde Merkezefendi\u2019mizde bulunan ihtiya\u00e7 sahiplerinin sofralar\u0131na s\u0131cak iftar yeme\u011fi ve g\u0131da kolisi ula\u015f\u0131yor, esnaf\u0131m\u0131z da zorlu ekonomik \u015fartlarda rahat bir nefes al\u0131yor. T\u00fcm hay\u0131rseverlerimize \u015f\u00fckranlar\u0131m\u0131 sunuyorum&#8221; ifadelerini kulland\u0131.<br \/><\/p>\n","protected":false},"excerpt":{"rendered":"<p>Her y\u0131l Ramazan ay\u0131na \u00f6zel olarak yap\u0131lan \u2018Merkezefendi El Ele \u0130yilik Hareketi\u2019yle, bug\u00fcne kadar 1804 ihtiya\u00e7 sahibine s\u0131cak iftar yeme\u011fi ve 301 ki\u015fiye g\u0131da kolisi ula\u015ft\u0131rd\u0131. Ba\u015fkan Do\u011fan, &#8220;Dayan\u0131\u015fmaya, payla\u015fmaya devam ediyoruz&#8221; dedi. Merkezefendi Belediyesi taraf\u0131ndan her y\u0131l Ramazan ay\u0131nda uygulanan \u2018Merkezefendi El Ele \u0130yilik Hareketi\u2019 b\u00fcy\u00fcmeye devam ediyor. \u0130yilik hareketinin ba\u015flad\u0131\u011f\u0131 g\u00fcnden bu yana&#8230;<\/p>\n","protected":false},"author":1,"featured_media":24369,"comment_status":"open","ping_status":"open","sticky":false,"template":"","format":"standard","meta":{"_crdt_document":"","footnotes":""},"categories":[123],"tags":[],"class_list":["post-24368","post","type-post","status-publish","format-standard","has-post-thumbnail","hentry","category-gundem"],"_links":{"self":[{"href":"https:\/\/www.egemtv.com\/index.php?rest_route=\/wp\/v2\/posts\/24368","targetHints":{"allow":["GET"]}}],"collection":[{"href":"https:\/\/www.egemtv.com\/index.php?rest_route=\/wp\/v2\/posts"}],"about":[{"href":"https:\/\/www.egemtv.com\/index.php?rest_route=\/wp\/v2\/types\/post"}],"author":[{"embeddable":true,"href":"https:\/\/www.egemtv.com\/index.php?rest_route=\/wp\/v2\/users\/1"}],"replies":[{"embeddable":true,"href":"https:\/\/www.egemtv.com\/index.php?rest_route=%2Fwp%2Fv2%2Fcomments&post=24368"}],"version-history":[{"count":1,"href":"https:\/\/www.egemtv.com\/index.php?rest_route=\/wp\/v2\/posts\/24368\/revisions"}],"predecessor-version":[{"id":24370,"href":"https:\/\/www.egemtv.com\/index.php?rest_route=\/wp\/v2\/posts\/24368\/revisions\/24370"}],"wp:featuredmedia":[{"embeddable":true,"href":"https:\/\/www.egemtv.com\/index.php?rest_route=\/wp\/v2\/media\/24369"}],"wp:attachment":[{"href":"https:\/\/www.egemtv.com\/index.php?rest_route=%2Fwp%2Fv2%2Fmedia&parent=24368"}],"wp:term":[{"taxonomy":"category","embeddable":true,"href":"https:\/\/www.egemtv.com\/index.php?rest_route=%2Fwp%2Fv2%2Fcategories&post=24368"},{"taxonomy":"post_tag","embeddable":true,"href":"https:\/\/www.egemtv.com\/index.php?rest_route=%2Fwp%2Fv2%2Ftags&post=24368"}],"curies":[{"name":"wp","href":"https:\/\/api.w.org\/{rel}","templated":true}]}}