{"id":24362,"date":"2025-03-06T17:06:40","date_gmt":"2025-03-06T14:06:40","guid":{"rendered":"https:\/\/www.egemtv.com\/?p=24362"},"modified":"2025-03-06T17:06:44","modified_gmt":"2025-03-06T14:06:44","slug":"denizli-buyuksehir-belediyesinden-ogrencilere-afet-farkindalik-egitimi","status":"publish","type":"post","link":"https:\/\/www.egemtv.com\/?p=24362","title":{"rendered":"Denizli B\u00fcy\u00fck\u015fehir Belediyesinden \u00f6\u011frencilere afet fark\u0131ndal\u0131k e\u011fitimi"},"content":{"rendered":"<p>Denizli B\u00fcy\u00fck\u015fehir Belediyesi, 1-7 Mart Deprem Haftas\u0131 etkinlikleri kapsam\u0131nda kent genelinde \u00f6\u011frencilere y\u00f6nelik Afet Fark\u0131ndal\u0131k E\u011fitimleri d\u00fczenliyor. E\u011fitimlerde afet \u00f6ncesi, afet an\u0131 ve afet sonras\u0131nda yap\u0131lmas\u0131 gerekenlerle ilgili hayati \u00f6neme sahip bilgiler payla\u015f\u0131l\u0131yor.<\/p>\n<p>Denizli B\u00fcy\u00fck\u015fehir Belediyesi Afet \u0130\u015fleri Dairesi Ba\u015fkanl\u0131\u011f\u0131 E\u011fitim Birimi taraf\u0131ndan verilen Afet Fark\u0131ndal\u0131k E\u011fitimleri kapsam\u0131nda afet \u00f6ncesi, afet an\u0131 ve afet sonras\u0131nda yap\u0131lmas\u0131 gerekenler ele al\u0131nd\u0131. Hafta boyunca \u015fehrin farkl\u0131 noktalar\u0131ndaki okullarda ger\u00e7ekle\u015ftirilen e\u011fitimlerde, \u00f6\u011fretmen ve \u00f6\u011frencilere afetlere kar\u015f\u0131 haz\u0131rl\u0131kl\u0131 olman\u0131n \u00f6nemi anlat\u0131ld\u0131. Afetler kar\u015f\u0131s\u0131nda do\u011fru davran\u0131\u015f bi\u00e7imleri hususunda bilgilendirilen \u00f6\u011fretmen ve \u00f6\u011frencilere pratik uygulamalarla tatbikatlar yapt\u0131r\u0131ld\u0131. Denizli B\u00fcy\u00fck\u015fehir Belediyesi Afet \u0130\u015fleri Dairesi Ba\u015fkanl\u0131\u011f\u0131\u2019n\u0131n, afetlere kar\u015f\u0131 toplumsal fark\u0131ndal\u0131k amac\u0131yla e\u011fitim ve bilin\u00e7lendirme \u00e7al\u0131\u015fmalar\u0131na devam edece\u011fi kaydedildi.<br \/><\/p>\n","protected":false},"excerpt":{"rendered":"<p>Denizli B\u00fcy\u00fck\u015fehir Belediyesi, 1-7 Mart Deprem Haftas\u0131 etkinlikleri kapsam\u0131nda kent genelinde \u00f6\u011frencilere y\u00f6nelik Afet Fark\u0131ndal\u0131k E\u011fitimleri d\u00fczenliyor. E\u011fitimlerde afet \u00f6ncesi, afet an\u0131 ve afet sonras\u0131nda yap\u0131lmas\u0131 gerekenlerle ilgili hayati \u00f6neme sahip bilgiler payla\u015f\u0131l\u0131yor. Denizli B\u00fcy\u00fck\u015fehir Belediyesi Afet \u0130\u015fleri Dairesi Ba\u015fkanl\u0131\u011f\u0131 E\u011fitim Birimi taraf\u0131ndan verilen Afet Fark\u0131ndal\u0131k E\u011fitimleri kapsam\u0131nda afet \u00f6ncesi, afet an\u0131 ve afet sonras\u0131nda&#8230;<\/p>\n","protected":false},"author":1,"featured_media":24363,"comment_status":"open","ping_status":"open","sticky":false,"template":"","format":"standard","meta":{"_crdt_document":"","footnotes":""},"categories":[1],"tags":[],"class_list":["post-24362","post","type-post","status-publish","format-standard","has-post-thumbnail","hentry","category-guncel"],"_links":{"self":[{"href":"https:\/\/www.egemtv.com\/index.php?rest_route=\/wp\/v2\/posts\/24362","targetHints":{"allow":["GET"]}}],"collection":[{"href":"https:\/\/www.egemtv.com\/index.php?rest_route=\/wp\/v2\/posts"}],"about":[{"href":"https:\/\/www.egemtv.com\/index.php?rest_route=\/wp\/v2\/types\/post"}],"author":[{"embeddable":true,"href":"https:\/\/www.egemtv.com\/index.php?rest_route=\/wp\/v2\/users\/1"}],"replies":[{"embeddable":true,"href":"https:\/\/www.egemtv.com\/index.php?rest_route=%2Fwp%2Fv2%2Fcomments&post=24362"}],"version-history":[{"count":1,"href":"https:\/\/www.egemtv.com\/index.php?rest_route=\/wp\/v2\/posts\/24362\/revisions"}],"predecessor-version":[{"id":24364,"href":"https:\/\/www.egemtv.com\/index.php?rest_route=\/wp\/v2\/posts\/24362\/revisions\/24364"}],"wp:featuredmedia":[{"embeddable":true,"href":"https:\/\/www.egemtv.com\/index.php?rest_route=\/wp\/v2\/media\/24363"}],"wp:attachment":[{"href":"https:\/\/www.egemtv.com\/index.php?rest_route=%2Fwp%2Fv2%2Fmedia&parent=24362"}],"wp:term":[{"taxonomy":"category","embeddable":true,"href":"https:\/\/www.egemtv.com\/index.php?rest_route=%2Fwp%2Fv2%2Fcategories&post=24362"},{"taxonomy":"post_tag","embeddable":true,"href":"https:\/\/www.egemtv.com\/index.php?rest_route=%2Fwp%2Fv2%2Ftags&post=24362"}],"curies":[{"name":"wp","href":"https:\/\/api.w.org\/{rel}","templated":true}]}}