{"id":24359,"date":"2025-03-06T17:06:33","date_gmt":"2025-03-06T14:06:33","guid":{"rendered":"https:\/\/www.egemtv.com\/?p=24359"},"modified":"2025-03-06T17:06:40","modified_gmt":"2025-03-06T14:06:40","slug":"motosikletin-carptigi-minik-cinar-yasam-savasini-kaybetti","status":"publish","type":"post","link":"https:\/\/www.egemtv.com\/?p=24359","title":{"rendered":"Motosikletin \u00e7arpt\u0131\u011f\u0131 minik \u00c7\u0131nar, ya\u015fam sava\u015f\u0131n\u0131 kaybetti"},"content":{"rendered":"<p>Ayd\u0131n\u2019\u0131n Bozdo\u011fan il\u00e7esinde 1 Mart g\u00fcn\u00fc motosikletin \u00e7arpmas\u0131 sonucu a\u011f\u0131r yaralanan 6 ya\u015f\u0131ndaki \u00c7\u0131nar Berk \u00c7ilo\u011flu, ya\u015fam sava\u015f\u0131n\u0131 kaybetti.<\/p>\n<p>Bozdo\u011fan\u2019da 1 Mart Pazar g\u00fcn\u00fc meydana gelen motosiklet kazas\u0131nda a\u011f\u0131r yaralanan 6 ya\u015f\u0131ndaki \u00c7\u0131nar Berk \u00c7ilo\u011flu, kald\u0131r\u0131ld\u0131\u011f\u0131 hastanede hayat\u0131n\u0131 kaybetti. R.\u00c7. y\u00f6netimindeki motosikletin \u00e7arpmas\u0131 sonucu a\u011f\u0131r yaralanan minik \u00c7\u0131nar, ilk m\u00fcdahalenin ard\u0131ndan Ayd\u0131n Adnan Menderes \u00dcniversitesi Hastanesi\u2019ne sevk edildi. Ancak t\u00fcm \u00e7abalara ra\u011fmen kurtar\u0131lamad\u0131. \u00c7\u0131nar Berk \u00c7ilo\u011flu\u2019nun vefat\u0131 ailesini ve yak\u0131nlar\u0131n\u0131 yasa bo\u011farken, kazayla ilgili soru\u015fturma s\u00fcr\u00fcyor.<br \/><\/p>\n","protected":false},"excerpt":{"rendered":"<p>Ayd\u0131n\u2019\u0131n Bozdo\u011fan il\u00e7esinde 1 Mart g\u00fcn\u00fc motosikletin \u00e7arpmas\u0131 sonucu a\u011f\u0131r yaralanan 6 ya\u015f\u0131ndaki \u00c7\u0131nar Berk \u00c7ilo\u011flu, ya\u015fam sava\u015f\u0131n\u0131 kaybetti. Bozdo\u011fan\u2019da 1 Mart Pazar g\u00fcn\u00fc meydana gelen motosiklet kazas\u0131nda a\u011f\u0131r yaralanan 6 ya\u015f\u0131ndaki \u00c7\u0131nar Berk \u00c7ilo\u011flu, kald\u0131r\u0131ld\u0131\u011f\u0131 hastanede hayat\u0131n\u0131 kaybetti. R.\u00c7. y\u00f6netimindeki motosikletin \u00e7arpmas\u0131 sonucu a\u011f\u0131r yaralanan minik \u00c7\u0131nar, ilk m\u00fcdahalenin ard\u0131ndan Ayd\u0131n Adnan Menderes \u00dcniversitesi&#8230;<\/p>\n","protected":false},"author":1,"featured_media":24360,"comment_status":"open","ping_status":"open","sticky":false,"template":"","format":"standard","meta":{"_crdt_document":"","footnotes":""},"categories":[5],"tags":[],"class_list":["post-24359","post","type-post","status-publish","format-standard","has-post-thumbnail","hentry","category-asayis"],"_links":{"self":[{"href":"https:\/\/www.egemtv.com\/index.php?rest_route=\/wp\/v2\/posts\/24359","targetHints":{"allow":["GET"]}}],"collection":[{"href":"https:\/\/www.egemtv.com\/index.php?rest_route=\/wp\/v2\/posts"}],"about":[{"href":"https:\/\/www.egemtv.com\/index.php?rest_route=\/wp\/v2\/types\/post"}],"author":[{"embeddable":true,"href":"https:\/\/www.egemtv.com\/index.php?rest_route=\/wp\/v2\/users\/1"}],"replies":[{"embeddable":true,"href":"https:\/\/www.egemtv.com\/index.php?rest_route=%2Fwp%2Fv2%2Fcomments&post=24359"}],"version-history":[{"count":1,"href":"https:\/\/www.egemtv.com\/index.php?rest_route=\/wp\/v2\/posts\/24359\/revisions"}],"predecessor-version":[{"id":24361,"href":"https:\/\/www.egemtv.com\/index.php?rest_route=\/wp\/v2\/posts\/24359\/revisions\/24361"}],"wp:featuredmedia":[{"embeddable":true,"href":"https:\/\/www.egemtv.com\/index.php?rest_route=\/wp\/v2\/media\/24360"}],"wp:attachment":[{"href":"https:\/\/www.egemtv.com\/index.php?rest_route=%2Fwp%2Fv2%2Fmedia&parent=24359"}],"wp:term":[{"taxonomy":"category","embeddable":true,"href":"https:\/\/www.egemtv.com\/index.php?rest_route=%2Fwp%2Fv2%2Fcategories&post=24359"},{"taxonomy":"post_tag","embeddable":true,"href":"https:\/\/www.egemtv.com\/index.php?rest_route=%2Fwp%2Fv2%2Ftags&post=24359"}],"curies":[{"name":"wp","href":"https:\/\/api.w.org\/{rel}","templated":true}]}}