{"id":24356,"date":"2025-03-06T17:06:25","date_gmt":"2025-03-06T14:06:25","guid":{"rendered":"https:\/\/www.egemtv.com\/?p=24356"},"modified":"2025-03-06T17:06:33","modified_gmt":"2025-03-06T14:06:33","slug":"manisada-calinan-2-motosikleti-jandarma-buldu","status":"publish","type":"post","link":"https:\/\/www.egemtv.com\/?p=24356","title":{"rendered":"Manisa\u2019da \u00e7al\u0131nan 2 motosikleti jandarma buldu"},"content":{"rendered":"<p>Manisa\u2019n\u0131n Salihli il\u00e7esine ba\u011fl\u0131 Hac\u0131bekta\u015fl\u0131 ve Duras\u0131ll\u0131 mahallelerinde h\u0131rs\u0131zlar taraf\u0131ndan \u00e7al\u0131nan 2 motosiklet, jandarma ekiplerinin \u00e7al\u0131\u015fmalar\u0131 sonucunda bulunarak sahiplerine teslim edildi.<br \/>\n<br \/>Edinilen bilgiye g\u00f6re, Hac\u0131bekta\u015fl\u0131 Mahallesi\u2019nde Kaan Efe\u2019ye(21) ait 45 SB 2614 plakal\u0131 motosiklet ve Duras\u0131ll\u0131 Mahallesi\u2019ndeki \u0130smail Tuncer\u2019e(64) ait 45 LT 420 plakal\u0131 motosiklet, farkl\u0131 g\u00fcnlerde kimli\u011fi belirsiz ki\u015fi veya ki\u015filerce \u00e7al\u0131nd\u0131. Motosiklet sahipleri Efe ve Tuncer, Manisa \u0130l Jandarma Komutanl\u0131\u011f\u0131na ba\u011fl\u0131 Salihli \u0130l\u00e7e Jandarma Komutanl\u0131\u011f\u0131na giderek, motosikletlerini \u00e7alan \u015f\u00fcphelilerden \u015fikayet\u00e7i oldu.<br \/>\n<br \/>Bunun \u00fczerine harekete ge\u00e7en jandarma ekipleri, \u00e7al\u0131nan 2 motosikleti titiz \u00e7al\u0131\u015fmas\u0131 sonucu bulup, sahiplerine teslim etti. Motosiklet sahipleri, jandarmaya te\u015fekk\u00fcr etti.<br \/>\n<br \/>\u00d6te yandan motosikletleri \u00e7alan 2 \u015f\u00fcphelinin g\u00f6zalt\u0131na al\u0131nd\u0131\u011f\u0131, jandarmadaki i\u015flemlerinin ard\u0131ndan adliyeye sevk edilece\u011fi \u00f6\u011frenildi.<br \/><\/p>\n","protected":false},"excerpt":{"rendered":"<p>Manisa\u2019n\u0131n Salihli il\u00e7esine ba\u011fl\u0131 Hac\u0131bekta\u015fl\u0131 ve Duras\u0131ll\u0131 mahallelerinde h\u0131rs\u0131zlar taraf\u0131ndan \u00e7al\u0131nan 2 motosiklet, jandarma ekiplerinin \u00e7al\u0131\u015fmalar\u0131 sonucunda bulunarak sahiplerine teslim edildi. Edinilen bilgiye g\u00f6re, Hac\u0131bekta\u015fl\u0131 Mahallesi\u2019nde Kaan Efe\u2019ye(21) ait 45 SB 2614 plakal\u0131 motosiklet ve Duras\u0131ll\u0131 Mahallesi\u2019ndeki \u0130smail Tuncer\u2019e(64) ait 45 LT 420 plakal\u0131 motosiklet, farkl\u0131 g\u00fcnlerde kimli\u011fi belirsiz ki\u015fi veya ki\u015filerce \u00e7al\u0131nd\u0131. Motosiklet sahipleri&#8230;<\/p>\n","protected":false},"author":1,"featured_media":24357,"comment_status":"open","ping_status":"open","sticky":false,"template":"","format":"standard","meta":{"_crdt_document":"","footnotes":""},"categories":[5],"tags":[],"class_list":["post-24356","post","type-post","status-publish","format-standard","has-post-thumbnail","hentry","category-asayis"],"_links":{"self":[{"href":"https:\/\/www.egemtv.com\/index.php?rest_route=\/wp\/v2\/posts\/24356","targetHints":{"allow":["GET"]}}],"collection":[{"href":"https:\/\/www.egemtv.com\/index.php?rest_route=\/wp\/v2\/posts"}],"about":[{"href":"https:\/\/www.egemtv.com\/index.php?rest_route=\/wp\/v2\/types\/post"}],"author":[{"embeddable":true,"href":"https:\/\/www.egemtv.com\/index.php?rest_route=\/wp\/v2\/users\/1"}],"replies":[{"embeddable":true,"href":"https:\/\/www.egemtv.com\/index.php?rest_route=%2Fwp%2Fv2%2Fcomments&post=24356"}],"version-history":[{"count":1,"href":"https:\/\/www.egemtv.com\/index.php?rest_route=\/wp\/v2\/posts\/24356\/revisions"}],"predecessor-version":[{"id":24358,"href":"https:\/\/www.egemtv.com\/index.php?rest_route=\/wp\/v2\/posts\/24356\/revisions\/24358"}],"wp:featuredmedia":[{"embeddable":true,"href":"https:\/\/www.egemtv.com\/index.php?rest_route=\/wp\/v2\/media\/24357"}],"wp:attachment":[{"href":"https:\/\/www.egemtv.com\/index.php?rest_route=%2Fwp%2Fv2%2Fmedia&parent=24356"}],"wp:term":[{"taxonomy":"category","embeddable":true,"href":"https:\/\/www.egemtv.com\/index.php?rest_route=%2Fwp%2Fv2%2Fcategories&post=24356"},{"taxonomy":"post_tag","embeddable":true,"href":"https:\/\/www.egemtv.com\/index.php?rest_route=%2Fwp%2Fv2%2Ftags&post=24356"}],"curies":[{"name":"wp","href":"https:\/\/api.w.org\/{rel}","templated":true}]}}