{"id":24353,"date":"2025-03-06T16:47:15","date_gmt":"2025-03-06T13:47:15","guid":{"rendered":"https:\/\/www.egemtv.com\/?p=24353"},"modified":"2025-03-06T16:47:24","modified_gmt":"2025-03-06T13:47:24","slug":"kusadasi-belediyesinin-davutlara-yatirimlari-suruyor","status":"publish","type":"post","link":"https:\/\/www.egemtv.com\/?p=24353","title":{"rendered":"Ku\u015fadas\u0131 Belediyesi\u2019nin Davutlar\u2019a yat\u0131r\u0131mlar\u0131 s\u00fcr\u00fcyor"},"content":{"rendered":"<p>Ku\u015fadas\u0131 Belediyesi taraf\u0131ndan Davutlar Mahallesi\u2019ne yap\u0131lan \u00fcstyap\u0131 yat\u0131r\u0131mlar\u0131 aral\u0131ks\u0131z devam ediyor. Fen \u0130\u015fleri M\u00fcd\u00fcrl\u00fc\u011f\u00fc ekipleri, b\u00f6lgeye yakla\u015f\u0131k 5 bin metrekare daha yeni yol kazand\u0131rmak i\u00e7in yo\u011fun bir mesai harc\u0131yor.<\/p>\n<p>Ba\u015fkan \u00d6mer G\u00fcnel\u2019in g\u00f6reve gelmesinin ard\u0131ndan Ku\u015fadas\u0131 Belediyesi\u2019nin yapt\u0131\u011f\u0131 yat\u0131r\u0131mlar sayesinde alt ve \u00fcstyap\u0131yla ilgili k\u00f6kl\u00fc sorunlar\u0131 \u00e7\u00f6z\u00fcme kavu\u015fan Davutlar Mahallesi\u2019nde yol yap\u0131m \u00e7al\u0131\u015fmalar\u0131 s\u00fcr\u00fcyor. Ku\u015fadas\u0131 Belediyesi Fen \u0130\u015fleri M\u00fcd\u00fcrl\u00fc\u011f\u00fc\u2019ne ba\u011fl\u0131 ekipler C\u00f6mert, 6624 ve 6625\u2019inci sokaklardaki 4 bin metrekarelik alanda kilit parke ta\u015f\u0131 d\u00f6\u015feme \u00e7al\u0131\u015fmas\u0131 ger\u00e7ekle\u015ftiriyor. Kald\u0131r\u0131m ve bord\u00fcr imalat\u0131n\u0131n da yap\u0131ld\u0131\u011f\u0131 \u00e7al\u0131\u015fma k\u0131sa s\u00fcrede tamamlanacak.<\/p>\n<p>Ekipler, 3 sokaktaki yol yenileme i\u015flemini bitirdikten hemen sonra \u015fu an eskiyen zeminin s\u00f6k\u00fcld\u00fc\u011f\u00fc \u00d6zturan ve \u00c7oban sokaklar\u0131 bin metrekare kilit parke ta\u015f\u0131yla kaplayacak. B\u00f6ylece Davutlar Mahallesi toplamda 5 bin metrekare daha yeni yola kavu\u015facak. Ku\u015fadas\u0131 Belediyesi, Ba\u015fkan \u00d6mer G\u00fcnel\u2019in ilk hizmet d\u00f6neminde de Davutlar\u2019da 8 cadde ile 78 soka\u011f\u0131n yol ve kald\u0131r\u0131mlar\u0131n\u0131 b\u00fct\u00fcn\u00fcyle yenileyerek yaya ve s\u00fcr\u00fcc\u00fcler i\u00e7in konforlu bir hale getirmi\u015fti.<br \/><\/p>\n","protected":false},"excerpt":{"rendered":"<p>Ku\u015fadas\u0131 Belediyesi taraf\u0131ndan Davutlar Mahallesi\u2019ne yap\u0131lan \u00fcstyap\u0131 yat\u0131r\u0131mlar\u0131 aral\u0131ks\u0131z devam ediyor. Fen \u0130\u015fleri M\u00fcd\u00fcrl\u00fc\u011f\u00fc ekipleri, b\u00f6lgeye yakla\u015f\u0131k 5 bin metrekare daha yeni yol kazand\u0131rmak i\u00e7in yo\u011fun bir mesai harc\u0131yor. Ba\u015fkan \u00d6mer G\u00fcnel\u2019in g\u00f6reve gelmesinin ard\u0131ndan Ku\u015fadas\u0131 Belediyesi\u2019nin yapt\u0131\u011f\u0131 yat\u0131r\u0131mlar sayesinde alt ve \u00fcstyap\u0131yla ilgili k\u00f6kl\u00fc sorunlar\u0131 \u00e7\u00f6z\u00fcme kavu\u015fan Davutlar Mahallesi\u2019nde yol yap\u0131m \u00e7al\u0131\u015fmalar\u0131 s\u00fcr\u00fcyor. Ku\u015fadas\u0131&#8230;<\/p>\n","protected":false},"author":1,"featured_media":24354,"comment_status":"open","ping_status":"open","sticky":false,"template":"","format":"standard","meta":{"_crdt_document":"","footnotes":""},"categories":[1],"tags":[],"class_list":["post-24353","post","type-post","status-publish","format-standard","has-post-thumbnail","hentry","category-guncel"],"_links":{"self":[{"href":"https:\/\/www.egemtv.com\/index.php?rest_route=\/wp\/v2\/posts\/24353","targetHints":{"allow":["GET"]}}],"collection":[{"href":"https:\/\/www.egemtv.com\/index.php?rest_route=\/wp\/v2\/posts"}],"about":[{"href":"https:\/\/www.egemtv.com\/index.php?rest_route=\/wp\/v2\/types\/post"}],"author":[{"embeddable":true,"href":"https:\/\/www.egemtv.com\/index.php?rest_route=\/wp\/v2\/users\/1"}],"replies":[{"embeddable":true,"href":"https:\/\/www.egemtv.com\/index.php?rest_route=%2Fwp%2Fv2%2Fcomments&post=24353"}],"version-history":[{"count":1,"href":"https:\/\/www.egemtv.com\/index.php?rest_route=\/wp\/v2\/posts\/24353\/revisions"}],"predecessor-version":[{"id":24355,"href":"https:\/\/www.egemtv.com\/index.php?rest_route=\/wp\/v2\/posts\/24353\/revisions\/24355"}],"wp:featuredmedia":[{"embeddable":true,"href":"https:\/\/www.egemtv.com\/index.php?rest_route=\/wp\/v2\/media\/24354"}],"wp:attachment":[{"href":"https:\/\/www.egemtv.com\/index.php?rest_route=%2Fwp%2Fv2%2Fmedia&parent=24353"}],"wp:term":[{"taxonomy":"category","embeddable":true,"href":"https:\/\/www.egemtv.com\/index.php?rest_route=%2Fwp%2Fv2%2Fcategories&post=24353"},{"taxonomy":"post_tag","embeddable":true,"href":"https:\/\/www.egemtv.com\/index.php?rest_route=%2Fwp%2Fv2%2Ftags&post=24353"}],"curies":[{"name":"wp","href":"https:\/\/api.w.org\/{rel}","templated":true}]}}