{"id":24350,"date":"2025-03-06T16:29:42","date_gmt":"2025-03-06T13:29:42","guid":{"rendered":"https:\/\/www.egemtv.com\/?p=24350"},"modified":"2025-03-06T16:29:46","modified_gmt":"2025-03-06T13:29:46","slug":"fethiye-devlet-hastanesi-kantini-muhurlendi","status":"publish","type":"post","link":"https:\/\/www.egemtv.com\/?p=24350","title":{"rendered":"Fethiye Devlet Hastanesi kantini m\u00fch\u00fcrlendi"},"content":{"rendered":"<p>Fethiye Devlet Hastanesi\u2019nin kantini, Yap\u0131 Kay\u0131t Belgesi olmad\u0131\u011f\u0131 gerek\u00e7esiyle Fethiye Belediyesi taraf\u0131ndan m\u00fch\u00fcrlendi. Vatanda\u015flar kantinin kapanmas\u0131yla ma\u011fdur oldu.<br \/>\n<br \/>Fethiye Devlet Hastanesi\u2019nde hizmet veren kantin, Yap\u0131 Kay\u0131t Belgesi bulunmad\u0131\u011f\u0131 gerek\u00e7esiyle m\u00fch\u00fcrlendi. C\u0130MER\u2019e yap\u0131lan \u015fikayet \u00fczerine harekete ge\u00e7en Fethiye Belediyesi, hastane bah\u00e7esindeki kantini kapatarak faaliyetlerine son verdi. Kantinin m\u00fch\u00fcrlendi\u011fini g\u00f6ren hastalar ve hasta yak\u0131nlar\u0131, ihtiya\u00e7lar\u0131n\u0131 kar\u015f\u0131layamadan geri d\u00f6nmek zorunda kald\u0131. \u00d6zellikle uzun s\u00fcre hastanede vakit ge\u00e7irmek zorunda kalan vatanda\u015flar, kantinin kapat\u0131lmas\u0131ndan dolay\u0131 s\u0131k\u0131nt\u0131 ya\u015fad\u0131klar\u0131n\u0131 belirttiler.<\/p>\n<p>Hastane y\u00f6netimi \u00e7\u00f6z\u00fcm aray\u0131\u015f\u0131nda<br \/>\n<br \/>Fethiye Devlet Hastanesi yetkilileri, kantinsiz kalan hastane i\u00e7in en k\u0131sa s\u00fcrede yeni bir \u00e7\u00f6z\u00fcm bulmak ad\u0131na \u00e7al\u0131\u015fmalar\u0131n s\u00fcrd\u00fc\u011f\u00fcn\u00fc belirtti. Kantinin kapanmas\u0131n\u0131n hastalar ve sa\u011fl\u0131k \u00e7al\u0131\u015fanlar\u0131 i\u00e7in b\u00fcy\u00fck bir eksiklik olu\u015fturdu\u011funu s\u00f6yleyen yetkililer, en k\u0131sa zamanda alternatif bir kantin d\u00fczenlemesi yapacaklar\u0131n\u0131 ifade ettiler.<br \/>\n<br \/>Kapat\u0131lan kantinin 12 y\u0131ld\u0131r hastane bah\u00e7esinde hizmet verdi\u011fi \u00f6\u011frenildi.<br \/><\/p>\n","protected":false},"excerpt":{"rendered":"<p>Fethiye Devlet Hastanesi\u2019nin kantini, Yap\u0131 Kay\u0131t Belgesi olmad\u0131\u011f\u0131 gerek\u00e7esiyle Fethiye Belediyesi taraf\u0131ndan m\u00fch\u00fcrlendi. Vatanda\u015flar kantinin kapanmas\u0131yla ma\u011fdur oldu. Fethiye Devlet Hastanesi\u2019nde hizmet veren kantin, Yap\u0131 Kay\u0131t Belgesi bulunmad\u0131\u011f\u0131 gerek\u00e7esiyle m\u00fch\u00fcrlendi. C\u0130MER\u2019e yap\u0131lan \u015fikayet \u00fczerine harekete ge\u00e7en Fethiye Belediyesi, hastane bah\u00e7esindeki kantini kapatarak faaliyetlerine son verdi. Kantinin m\u00fch\u00fcrlendi\u011fini g\u00f6ren hastalar ve hasta yak\u0131nlar\u0131, ihtiya\u00e7lar\u0131n\u0131 kar\u015f\u0131layamadan geri&#8230;<\/p>\n","protected":false},"author":1,"featured_media":24351,"comment_status":"open","ping_status":"open","sticky":false,"template":"","format":"standard","meta":{"_crdt_document":"","footnotes":""},"categories":[1],"tags":[],"class_list":["post-24350","post","type-post","status-publish","format-standard","has-post-thumbnail","hentry","category-guncel"],"_links":{"self":[{"href":"https:\/\/www.egemtv.com\/index.php?rest_route=\/wp\/v2\/posts\/24350","targetHints":{"allow":["GET"]}}],"collection":[{"href":"https:\/\/www.egemtv.com\/index.php?rest_route=\/wp\/v2\/posts"}],"about":[{"href":"https:\/\/www.egemtv.com\/index.php?rest_route=\/wp\/v2\/types\/post"}],"author":[{"embeddable":true,"href":"https:\/\/www.egemtv.com\/index.php?rest_route=\/wp\/v2\/users\/1"}],"replies":[{"embeddable":true,"href":"https:\/\/www.egemtv.com\/index.php?rest_route=%2Fwp%2Fv2%2Fcomments&post=24350"}],"version-history":[{"count":1,"href":"https:\/\/www.egemtv.com\/index.php?rest_route=\/wp\/v2\/posts\/24350\/revisions"}],"predecessor-version":[{"id":24352,"href":"https:\/\/www.egemtv.com\/index.php?rest_route=\/wp\/v2\/posts\/24350\/revisions\/24352"}],"wp:featuredmedia":[{"embeddable":true,"href":"https:\/\/www.egemtv.com\/index.php?rest_route=\/wp\/v2\/media\/24351"}],"wp:attachment":[{"href":"https:\/\/www.egemtv.com\/index.php?rest_route=%2Fwp%2Fv2%2Fmedia&parent=24350"}],"wp:term":[{"taxonomy":"category","embeddable":true,"href":"https:\/\/www.egemtv.com\/index.php?rest_route=%2Fwp%2Fv2%2Fcategories&post=24350"},{"taxonomy":"post_tag","embeddable":true,"href":"https:\/\/www.egemtv.com\/index.php?rest_route=%2Fwp%2Fv2%2Ftags&post=24350"}],"curies":[{"name":"wp","href":"https:\/\/api.w.org\/{rel}","templated":true}]}}