{"id":24347,"date":"2025-03-06T16:29:39","date_gmt":"2025-03-06T13:29:39","guid":{"rendered":"https:\/\/www.egemtv.com\/?p=24347"},"modified":"2025-03-06T16:29:42","modified_gmt":"2025-03-06T13:29:42","slug":"orman-yanginlari-erozyonu-tetikledi-marmariste-denizler-de-olumsuz-etkilendi","status":"publish","type":"post","link":"https:\/\/www.egemtv.com\/?p=24347","title":{"rendered":"Orman yang\u0131nlar\u0131 erozyonu tetikledi, Marmaris\u2019te denizler de olumsuz etkilendi"},"content":{"rendered":"<p>Orman yang\u0131nlar\u0131 bak\u0131m\u0131ndan asr\u0131n en b\u00fcy\u00fck yang\u0131nlar\u0131n\u0131n ya\u015fand\u0131\u011f\u0131 Mu\u011fla\u2019n\u0131n Marmaris il\u00e7esi 2021 ve 2022 y\u0131llar\u0131nda yakla\u015f\u0131k 15 bin d\u00f6n\u00fcm ye\u015fil \u00f6rt\u00fcs\u00fcn\u00fc kaybetti. Yakla\u015f\u0131k 4 y\u0131ld\u0131r yang\u0131nlarla birlikte yeniden a\u011fa\u00e7land\u0131rma \u00e7al\u0131\u015fmalar\u0131n\u0131n yan\u0131 s\u0131ra ve erozyon ile m\u00fccadelenin devam etti\u011fi il\u00e7ede yang\u0131nlar denizleri de olumsuz etkiledi. Her ya\u011f\u0131\u015f\u0131n ard\u0131ndan adeta rengi de\u011fi\u015fen Marmaris\u2019in mavi denizlerinin korunmas\u0131 i\u00e7in \u00f6nce orman\u0131n korunmas\u0131 gerekti\u011fi belirtildi.<br \/>\n<br \/>2025 y\u0131l\u0131n\u0131 e\u011fitim y\u0131l\u0131 ilan eden Mu\u011fla Orman B\u00f6lge M\u00fcd\u00fcrl\u00fc\u011f\u00fc Mu\u011fla ve Ayd\u0131n\u2019daki t\u00fcm orman k\u00f6ylerinde vatanda\u015flara y\u00f6nelik e\u011fitim \u00e7al\u0131\u015fmas\u0131 planlad\u0131. Aylard\u0131r devam eden \u00e7al\u0131\u015fmalar kapsam\u0131nda bir yandan ormanlar\u0131n \u00f6nemi anlat\u0131l\u0131rken, di\u011fer yandan orman yang\u0131nlar\u0131 sonucu sadece orman\u0131n de\u011fil, do\u011fal ya\u015fam\u0131n ve denizlerin de nas\u0131l tahrip oldu\u011fu g\u00f6rsellerle anlat\u0131l\u0131yor.<br \/>\n<br \/>&#8220;Yang\u0131nlardan en \u00e7ok etkilenen b\u00f6lge Marmaris oldu&#8221;<br \/>\n<br \/>1937 y\u0131l\u0131ndan bu yana orman yang\u0131nlar\u0131 ile ilgili her t\u00fcrl\u00fc istatistiki bilginin tutuldu\u011fu T\u00fcrkiye\u2019de en b\u00fcy\u00fck yang\u0131n felaketlerinden biri 2021 ve 2022 y\u0131llar\u0131nda Mu\u011fla\u2019n\u0131n Marmaris il\u00e7esinde ya\u015fand\u0131. 29 Temmuz 2021 tarihinde ba\u015flay\u0131p g\u00fcnlerce s\u00fcren ve tarihe B\u00fcy\u00fck Marmaris yang\u0131n\u0131 olarak ge\u00e7en Marmaris yang\u0131n\u0131nda yakla\u015f\u0131k 9 bin 600 hektarl\u0131k ormanl\u0131k alan yand\u0131. 2022 y\u0131l\u0131nda farkl\u0131 tarihlerde B\u00f6rt\u00fcbet ve Aksaz yang\u0131nlar\u0131 olarak tarihe ge\u00e7en yang\u0131nlarda ise Marmaris yakla\u015f\u0131k 6 bin hektar daha orman\u0131n\u0131 kaybedince il\u00e7ede ciddi bir a\u011fa\u00e7land\u0131rma \u00e7al\u0131\u015fmas\u0131 ba\u015flat\u0131ld\u0131.<br \/>\n<br \/>Yang\u0131nlar\u0131n ard\u0131ndan orman\u0131n yeniden olu\u015fmas\u0131 ve \u00f6zellikle k\u0131\u015f mevsiminde her ya\u011f\u0131\u015f\u0131n ard\u0131ndan ya\u015fanan erozyon nedeniyle rengi de\u011fi\u015fen Marmaris\u2019in mavi sular\u0131n\u0131n yeniden masmavi kalabilmesi i\u00e7in ba\u015flat\u0131lan seferberli\u011fin bu y\u0131l daha kapsaml\u0131 olarak devam edece\u011fi belirtildi. Mu\u011fla Orman B\u00f6lge M\u00fcd\u00fcrl\u00fc\u011f\u00fc taraf\u0131ndan bir yandan yanan alanlara dikilen fidanlar\u0131n b\u00fcy\u00fct\u00fclmesi di\u011fer yandan da insanlar\u0131n daha bilin\u00e7li olmas\u0131 i\u00e7in e\u011fitim \u00e7al\u0131\u015fmalar\u0131n\u0131n devam edece\u011fi belirtildi.<br \/><\/p>\n","protected":false},"excerpt":{"rendered":"<p>Orman yang\u0131nlar\u0131 bak\u0131m\u0131ndan asr\u0131n en b\u00fcy\u00fck yang\u0131nlar\u0131n\u0131n ya\u015fand\u0131\u011f\u0131 Mu\u011fla\u2019n\u0131n Marmaris il\u00e7esi 2021 ve 2022 y\u0131llar\u0131nda yakla\u015f\u0131k 15 bin d\u00f6n\u00fcm ye\u015fil \u00f6rt\u00fcs\u00fcn\u00fc kaybetti. Yakla\u015f\u0131k 4 y\u0131ld\u0131r yang\u0131nlarla birlikte yeniden a\u011fa\u00e7land\u0131rma \u00e7al\u0131\u015fmalar\u0131n\u0131n yan\u0131 s\u0131ra ve erozyon ile m\u00fccadelenin devam etti\u011fi il\u00e7ede yang\u0131nlar denizleri de olumsuz etkiledi. Her ya\u011f\u0131\u015f\u0131n ard\u0131ndan adeta rengi de\u011fi\u015fen Marmaris\u2019in mavi denizlerinin korunmas\u0131 i\u00e7in&#8230;<\/p>\n","protected":false},"author":1,"featured_media":24348,"comment_status":"open","ping_status":"open","sticky":false,"template":"","format":"standard","meta":{"_crdt_document":"","footnotes":""},"categories":[1],"tags":[],"class_list":["post-24347","post","type-post","status-publish","format-standard","has-post-thumbnail","hentry","category-guncel"],"_links":{"self":[{"href":"https:\/\/www.egemtv.com\/index.php?rest_route=\/wp\/v2\/posts\/24347","targetHints":{"allow":["GET"]}}],"collection":[{"href":"https:\/\/www.egemtv.com\/index.php?rest_route=\/wp\/v2\/posts"}],"about":[{"href":"https:\/\/www.egemtv.com\/index.php?rest_route=\/wp\/v2\/types\/post"}],"author":[{"embeddable":true,"href":"https:\/\/www.egemtv.com\/index.php?rest_route=\/wp\/v2\/users\/1"}],"replies":[{"embeddable":true,"href":"https:\/\/www.egemtv.com\/index.php?rest_route=%2Fwp%2Fv2%2Fcomments&post=24347"}],"version-history":[{"count":1,"href":"https:\/\/www.egemtv.com\/index.php?rest_route=\/wp\/v2\/posts\/24347\/revisions"}],"predecessor-version":[{"id":24349,"href":"https:\/\/www.egemtv.com\/index.php?rest_route=\/wp\/v2\/posts\/24347\/revisions\/24349"}],"wp:featuredmedia":[{"embeddable":true,"href":"https:\/\/www.egemtv.com\/index.php?rest_route=\/wp\/v2\/media\/24348"}],"wp:attachment":[{"href":"https:\/\/www.egemtv.com\/index.php?rest_route=%2Fwp%2Fv2%2Fmedia&parent=24347"}],"wp:term":[{"taxonomy":"category","embeddable":true,"href":"https:\/\/www.egemtv.com\/index.php?rest_route=%2Fwp%2Fv2%2Fcategories&post=24347"},{"taxonomy":"post_tag","embeddable":true,"href":"https:\/\/www.egemtv.com\/index.php?rest_route=%2Fwp%2Fv2%2Ftags&post=24347"}],"curies":[{"name":"wp","href":"https:\/\/api.w.org\/{rel}","templated":true}]}}