{"id":24344,"date":"2025-03-06T16:07:08","date_gmt":"2025-03-06T13:07:08","guid":{"rendered":"https:\/\/www.egemtv.com\/?p=24344"},"modified":"2025-03-06T16:07:12","modified_gmt":"2025-03-06T13:07:12","slug":"sarigolde-mehmet-akif-ersoy-siir-okuma-yarismasi-yapildi","status":"publish","type":"post","link":"https:\/\/www.egemtv.com\/?p=24344","title":{"rendered":"Sar\u0131g\u00f6l\u2019de Mehmet Akif Ersoy \u015fiir okuma yar\u0131\u015fmas\u0131 yap\u0131ld\u0131"},"content":{"rendered":"<p>Sar\u0131g\u00f6l\u2019de d\u00fczenlenen liseler aras\u0131 Mehmet Akif Ersoy \u015fiirlerini okuma yar\u0131\u015fmas\u0131 Sar\u0131g\u00f6l Belediyesi Atat\u00fcrk K\u00fclt\u00fcr Merkezi Salonunda yap\u0131ld\u0131. Yar\u0131\u015fmay\u0131 Sar\u0131g\u00f6l Mesleki ve Teknik Anadolu Lisesi birinci olarak tamamlad\u0131.<br \/>\n<br \/>Sar\u0131g\u00f6l\u2019de bulunan d\u00f6rt lisenin yar\u0131\u015fmac\u0131 \u00f6\u011frencileri, Mehmet Akif Ersoy\u2019un \u015fiirlerini en iyi okuyabilmek i\u00e7in k\u0131yas\u0131ya m\u00fccadele etti. \u00d6\u011frenciler, Mehmet Akif Ersoy\u2019un \u015fiirlerini seslendirerek izleyicilere unutulmaz anlar ya\u015fatt\u0131.<br \/>\n<br \/>Yar\u0131\u015fmada Sar\u0131g\u00f6l Mesleki ve Teknik Anadolu Lisesi birinci, Milli Egemenlik \u00c7ok Programl\u0131 Anadolu Lisesi ikinci ve Sar\u0131g\u00f6l Anadolu \u0130mam Hatip Lisesi \u00fc\u00e7\u00fcnc\u00fc oldu. Yar\u0131\u015fma, izleyenlere \u015fiirle dolu bir g\u00fcn sunarak b\u00fcy\u00fck bir be\u011feni toplad\u0131.<br \/>\n<br \/>Sar\u0131g\u00f6l \u0130l\u00e7e Milli E\u011fitim M\u00fcd\u00fcr\u00fc Cezmi Y\u0131ld\u0131rak, &#8220;Yar\u0131\u015fma olduk\u00e7a heyecanl\u0131 oldu. Yar\u0131\u015fmaya kat\u0131lan ve \u00f6\u011frencilerimizi haz\u0131rlayan \u00f6\u011fretmen arkada\u015flar\u0131m\u0131 kutlar\u0131m.&#8221; dedi.<br \/>\n<br \/>Dereceye giren \u00f6\u011frencilere ve okullara \u00e7e\u015fitli arma\u011fanlar verildi.<br \/><\/p>\n","protected":false},"excerpt":{"rendered":"<p>Sar\u0131g\u00f6l\u2019de d\u00fczenlenen liseler aras\u0131 Mehmet Akif Ersoy \u015fiirlerini okuma yar\u0131\u015fmas\u0131 Sar\u0131g\u00f6l Belediyesi Atat\u00fcrk K\u00fclt\u00fcr Merkezi Salonunda yap\u0131ld\u0131. Yar\u0131\u015fmay\u0131 Sar\u0131g\u00f6l Mesleki ve Teknik Anadolu Lisesi birinci olarak tamamlad\u0131. Sar\u0131g\u00f6l\u2019de bulunan d\u00f6rt lisenin yar\u0131\u015fmac\u0131 \u00f6\u011frencileri, Mehmet Akif Ersoy\u2019un \u015fiirlerini en iyi okuyabilmek i\u00e7in k\u0131yas\u0131ya m\u00fccadele etti. \u00d6\u011frenciler, Mehmet Akif Ersoy\u2019un \u015fiirlerini seslendirerek izleyicilere unutulmaz anlar ya\u015fatt\u0131. Yar\u0131\u015fmada&#8230;<\/p>\n","protected":false},"author":1,"featured_media":24345,"comment_status":"open","ping_status":"open","sticky":false,"template":"","format":"standard","meta":{"_crdt_document":"","footnotes":""},"categories":[1],"tags":[],"class_list":["post-24344","post","type-post","status-publish","format-standard","has-post-thumbnail","hentry","category-guncel"],"_links":{"self":[{"href":"https:\/\/www.egemtv.com\/index.php?rest_route=\/wp\/v2\/posts\/24344","targetHints":{"allow":["GET"]}}],"collection":[{"href":"https:\/\/www.egemtv.com\/index.php?rest_route=\/wp\/v2\/posts"}],"about":[{"href":"https:\/\/www.egemtv.com\/index.php?rest_route=\/wp\/v2\/types\/post"}],"author":[{"embeddable":true,"href":"https:\/\/www.egemtv.com\/index.php?rest_route=\/wp\/v2\/users\/1"}],"replies":[{"embeddable":true,"href":"https:\/\/www.egemtv.com\/index.php?rest_route=%2Fwp%2Fv2%2Fcomments&post=24344"}],"version-history":[{"count":1,"href":"https:\/\/www.egemtv.com\/index.php?rest_route=\/wp\/v2\/posts\/24344\/revisions"}],"predecessor-version":[{"id":24346,"href":"https:\/\/www.egemtv.com\/index.php?rest_route=\/wp\/v2\/posts\/24344\/revisions\/24346"}],"wp:featuredmedia":[{"embeddable":true,"href":"https:\/\/www.egemtv.com\/index.php?rest_route=\/wp\/v2\/media\/24345"}],"wp:attachment":[{"href":"https:\/\/www.egemtv.com\/index.php?rest_route=%2Fwp%2Fv2%2Fmedia&parent=24344"}],"wp:term":[{"taxonomy":"category","embeddable":true,"href":"https:\/\/www.egemtv.com\/index.php?rest_route=%2Fwp%2Fv2%2Fcategories&post=24344"},{"taxonomy":"post_tag","embeddable":true,"href":"https:\/\/www.egemtv.com\/index.php?rest_route=%2Fwp%2Fv2%2Ftags&post=24344"}],"curies":[{"name":"wp","href":"https:\/\/api.w.org\/{rel}","templated":true}]}}